{"id":44808,"date":"2019-07-06T11:50:01","date_gmt":"2019-07-06T15:50:01","guid":{"rendered":"https:\/\/linitiative.ca\/International\/italie-deux-navires-daide-aux-migrants-defient-salvini\/"},"modified":"2019-07-06T11:50:01","modified_gmt":"2019-07-06T15:50:01","slug":"italie-deux-navires-daide-aux-migrants-defient-salvini","status":"publish","type":"post","link":"https:\/\/linitiative.ca\/International\/italie-deux-navires-daide-aux-migrants-defient-salvini\/","title":{"rendered":"Italie : deux navires d\u2019aide aux migrants d\u00e9fient Salvini"},"content":{"rendered":"<div readability=\"32\">\n<p>Publi\u00e9 le 06.07.2019 \u00e0 16h50 par AFP<\/p>\n<\/div>\n<div readability=\"146\">\n<p>Un nouveau bras de fer s\u2019annon\u00e7ait samedi entre des navires humanitaires et l\u2019homme fort du gouvernement italien, le ministre de l\u2019Int\u00e9rieur d\u2019extr\u00eame droite Matteo Salvini, avec l\u2019arriv\u00e9e pr\u00e8s de l\u2019\u00eele de Lampedusa de deux bateaux transportant des migrants recueillis au large de la Libye, en qu\u00eate d\u2019un port d\u2019accueil.<\/p>\n<p>L\u2019Alex, voilier de 18 m\u00e8tres affr\u00e9t\u00e9 par le collectif italien de gauche et d\u2019extr\u00eame gauche Mediterranea, avec 41 migrants toujours \u00e0 bord, a \u00e9t\u00e9 rejoint samedi par un navire de l\u2019ONG allemande Sea-Eye, l\u2019Alan Kurdi (du nom du petit Syrien retrouv\u00e9 noy\u00e9 en Turquie en 2015), transportant 65 migrants.<\/p>\n<p>Un d\u00e9cret-loi adopt\u00e9 en juin pr\u00e9voit des amendes jusqu\u2019\u00e0 50.000 euros contre le capitaine, le propri\u00e9taire et l\u2019armateur d\u2019un navire qui entrerait sans autorisation dans les eaux italiennes.<\/p>\n<p>La d\u00e9cision de M. Salvini de fermer les ports aux navires des ONG est approuv\u00e9e par 59% de ses compatriotes, selon un sondage samedi du quotidien Corriere della Sera.<\/p>\n<p>\u00ab\u00a0Nous attendons dans les eaux internationales au large de Lampedusa,\u00a0\u00bb a tweet\u00e9 samedi Sea-Eye depuis l\u2019Alan Kurdi. La police douani\u00e8re \u00ab\u00a0est venue elle-m\u00eame nous signifier le d\u00e9cret de Salvini : le port est ferm\u00e9\u00a0\u00bb.<\/p>\n<p>Le ministre allemand de l\u2019Int\u00e9rieur Horst Seehofer a tweet\u00e9 que l\u2019Allemagne \u00e9tait pr\u00eate \u00e0 accueillir certains migrants \u00ab\u00a0dans le cadre d\u2019une solution europ\u00e9enne de solidarit\u00e9\u00a0\u00bb.<\/p>\n<p>Selon Sea-Eye, les 65 migrants de l\u2019Alan Kurdi (64 hommes et une femme) ont \u00e9t\u00e9 secourus \u00e0 bord d\u2019un canot surcharg\u00e9 d\u00e9pourvu de provisions d\u2019eau suffisantes, de t\u00e9l\u00e9phone satellitaire ou d\u2019instrument d\u2019aide \u00e0 la navigation.<\/p>\n<p>Pour l\u2019Alex, M. Salvini, qui accuse les ONG d\u2019aider les passeurs, a conclu avec Malte un accord pour faire d\u00e9barquer les migrants en \u00e9change du transfert vers l\u2019Italie d\u2019un nombre \u00e9quivalent de migrants accueillis pr\u00e9c\u00e9demment \u00e0 Malte.<\/p>\n<p>Mais Mediterranea estime que son voilier ne peut transporter jusqu\u2019\u00e0 Malte les migrants encore \u00e0 bord apr\u00e8s le d\u00e9barquement vendredi \u00e0 Lampedusa des 13 les plus vuln\u00e9rables \u2013femmes enceintes, familles\u2013 parmi les 54 recueillis en mer.<\/p>\n<p>\u2013 Attente en plein soleil \u2013<\/p>\n<p>Des dizaines de migrants continuaient samedi d\u2019attendre sur le pont du voilier, o\u00f9 des photographies les montraient tentant de se prot\u00e9ger du soleil sous des couvertures de survie.<\/p>\n<p>\u00ab\u00a0Dans ces conditions, il est impossible d\u2019envisager 15 heures de navigation\u00a0\u00bb, a tweet\u00e9 Allesandra Sciurba de Mediterranea, soulignant que \u00ab\u00a0tous les mineurs non accompagn\u00e9s sont toujours \u00e0 bord, y compris l\u2019un \u00e2g\u00e9 de 11 ans\u00a0\u00bb.<\/p>\n<p>\u00ab\u00a0Nous attendons des arrangements avec les marines italienne ou maltaise\u00a0\u00bb, ajoute-t-elle.<\/p>\n<p>La semaine derni\u00e8re, les autorit\u00e9s italiennes ont saisi \u00e0 Lampedusa un navire d\u2019une ONG allemande, le Sea-Watch 3, et arr\u00eat\u00e9 sa capitaine, Carola Rackete, qui avait accost\u00e9 de force pour d\u00e9barquer 40 migrants secourus en mer et bloqu\u00e9s \u00e0 bord depuis plus de deux semaines.<\/p>\n<p>Une juge italienne a invalid\u00e9 mardi l\u2019arrestation de la capitaine au motif qu\u2019elle avait agi pour sauver des vies mais elle est toujours vis\u00e9e par deux enqu\u00eates, pour r\u00e9sistance \u00e0 un officier et pour aide \u00e0 l\u2019immigration clandestine.<\/p>\n<p>M. Salvini a r\u00e9it\u00e9r\u00e9 samedi \u00e0 Milan son appel \u00e0 r\u00e9former le r\u00e8glement de Dublin qui confie l\u2019examen de la demande d\u2019asile au pays d\u2019entr\u00e9e dans l\u2019Union europ\u00e9enne, estimant qu\u2019il fait peser un fardeau injuste sur l\u2019Italie car \u00ab\u00a0il ne semble pas que la majorit\u00e9 des pays europ\u00e9ens veuillent agir comme cela\u00a0\u00bb.<\/p>\n<p>Malgr\u00e9 la fermet\u00e9 affich\u00e9e par M. Salvini, migrants et demandeurs d\u2019asile continuent de vouloir gagner l\u2019Italie, parfois secourus par les autorit\u00e9s italiennes. Selon le minist\u00e8re de l\u2019Int\u00e9rieur, 191 sont arriv\u00e9s par mer la semaine pass\u00e9e.<\/p>\n<p>La juge charg\u00e9e du cas de Carola Rackete a estim\u00e9 qu\u2019elle n\u2019avait pas eu d\u2019autre choix que de faire route vers le nord, la Libye et la Tunisie n\u2019\u00e9tant pas s\u00fbres pour les migrants.<\/p>\n<p>Selon les ONG, mais aussi l\u2019ONU et m\u00eame une d\u00e9claration r\u00e9cente du ministre italien des Affaires \u00e9trang\u00e8res, Enzo Moavero, les droits des migrants ne sont pas garantis en Libye, o\u00f9 beaucoup sont soumis \u00e0 des abus et tortures. Cette semaine, un bombardement a tu\u00e9 53 d\u2019entre eux pr\u00e8s de Tripoli.<\/p>\n<p>Lundi, une embarcation transportant 86 personnes partie de la ville libyenne de Zouara a fait naufrage au large de la Tunisie. Hormis trois survivants, les autres sont tous morts ou disparus.<\/p>\n<p>burs-cjo\/ach\/lch\/mct<\/p>\n<\/div>\n<p>Auteur: AFP<br \/>\n<a href=\"https:\/\/www.journalducameroun.com\/italie-deux-navires-daide-aux-migrants-defient-salvini\/\">Cliquez ici pour lire l&rsquo;article depuis sa source.<\/a><\/p>\n","protected":false},"excerpt":{"rendered":"<p>Publi\u00e9 le 06.07.2019 \u00e0 16h50 par AFP Un nouveau bras de fer s\u2019annon\u00e7ait samedi entre des navires humanitaires et l\u2019homme fort du gouvernement italien, le ministre de l\u2019Int\u00e9rieur d\u2019extr\u00eame droite Matteo Salvini, avec l\u2019arriv\u00e9e pr\u00e8s de l\u2019\u00eele de Lampedusa de deux bateaux transportant des migrants recueillis au large de la Libye, en qu\u00eate d\u2019un port [&hellip;]<\/p>\n","protected":false},"author":1965,"featured_media":0,"comment_status":"closed","ping_status":"closed","sticky":false,"template":"","format":"standard","meta":{"fifu_image_url":"","fifu_image_alt":"","footnotes":""},"categories":[73,82],"tags":[],"class_list":["post-44808","post","type-post","status-publish","format-standard","hentry","category-actualite","category-cameroun"],"_links":{"self":[{"href":"https:\/\/linitiative.ca\/International\/wp-json\/wp\/v2\/posts\/44808","targetHints":{"allow":["GET"]}}],"collection":[{"href":"https:\/\/linitiative.ca\/International\/wp-json\/wp\/v2\/posts"}],"about":[{"href":"https:\/\/linitiative.ca\/International\/wp-json\/wp\/v2\/types\/post"}],"author":[{"embeddable":true,"href":"https:\/\/linitiative.ca\/International\/wp-json\/wp\/v2\/users\/1965"}],"replies":[{"embeddable":true,"href":"https:\/\/linitiative.ca\/International\/wp-json\/wp\/v2\/comments?post=44808"}],"version-history":[{"count":0,"href":"https:\/\/linitiative.ca\/International\/wp-json\/wp\/v2\/posts\/44808\/revisions"}],"wp:attachment":[{"href":"https:\/\/linitiative.ca\/International\/wp-json\/wp\/v2\/media?parent=44808"}],"wp:term":[{"taxonomy":"category","embeddable":true,"href":"https:\/\/linitiative.ca\/International\/wp-json\/wp\/v2\/categories?post=44808"},{"taxonomy":"post_tag","embeddable":true,"href":"https:\/\/linitiative.ca\/International\/wp-json\/wp\/v2\/tags?post=44808"}],"curies":[{"name":"wp","href":"https:\/\/api.w.org\/{rel}","templated":true}]}}