{"id":44815,"date":"2019-07-06T16:18:03","date_gmt":"2019-07-06T20:18:03","guid":{"rendered":"https:\/\/linitiative.ca\/International\/can-2019-seri-kodjia-et-nicolas-pepe-doivent-une-revanche-a-la-cote-divoire\/"},"modified":"2019-07-06T16:18:03","modified_gmt":"2019-07-06T20:18:03","slug":"can-2019-seri-kodjia-et-nicolas-pepe-doivent-une-revanche-a-la-cote-divoire","status":"publish","type":"post","link":"https:\/\/linitiative.ca\/International\/can-2019-seri-kodjia-et-nicolas-pepe-doivent-une-revanche-a-la-cote-divoire\/","title":{"rendered":"CAN 2019 : S\u00e9ri, Kodjia et Nicolas P\u00e9p\u00e9 doivent une revanche \u00e0 la C\u00f4te d\u2019Ivoire"},"content":{"rendered":"<div readability=\"32\">\n<p>Publi\u00e9 le 06.07.2019 \u00e0 21h18 par APA News<\/p>\n<\/div>\n<div readability=\"88\">\n<p>Jonathan Kodjia, Jean-Micha\u00ebl S\u00e9ri et Nicolas P\u00e9p\u00e9 sont au nombre des flops de la phase de groupe de la Coupe d\u2019Afrique des nations (CAN) de football en Egypte et qui doivent se racheter aux yeux des sportifs ivoiriens lors du second tour face au Mali (lundi) pour se \u00abr\u00e9habiliter \u00bb.\u00ab A lui seul, il tient le milieu de terrain de Fulham FC en Angleterre. Au point que la grande \u00e9quipe du Bar\u00e7a lui a fait les yeux doux pour l\u2019enr\u00f4ler l\u2019an dernier. On ne sait pourquoi en s\u00e9lection, S\u00e9ri Micha\u00ebl ne flambe pas \u00bb, peste Abdoulaye Kon\u00e9, un supporter ivoirien, d\u00e9pit\u00e9 par la prestation de celui qui \u00e9tait pr\u00e9sent\u00e9 comme le r\u00e9gulateur du jeu des El\u00e9phants de C\u00f4te d\u2019Ivoire.<\/p>\n<p>Lors de ses titularisations face \u00e0 l\u2019Afrique du Sud et au Maroc, S\u00e9ri Jean-Micha\u00ebl a ralli\u00e9 les suffrages de critiques acerbes des Ivoiriens.<\/p>\n<p>Tant ses productions \u00e9taient en-de\u00e7\u00e0 de leurs espoirs. Transparent, il a, rarement, initi\u00e9 une offensive pour inqui\u00e9ter les d\u00e9fenses adverses. Sa mise \u00e0 l\u2019\u00e9cart par Ibrahim Kamara face \u00e0 la Namibie confirme bien que le joueur de Fulham (Premier League anglaise) n\u2019\u00e9tait pas \u00e0 son aise.<\/p>\n<p>Le longiligne attaquant Jonathan Kodjia (1,89 m pour 77kg), hormis le but de la \u00a0victoire des El\u00e9phants face \u00e0 \u00a0l\u2019Afrique du Sud (1-0) est rest\u00e9 \u00e9gal \u00e0 lui dans les maladresses. \u00a0Sur dix occasions de but, Kodjia est capable de rater neuf pour n\u2019en transformer qu\u2019une seule. Tel fut le cas lors du match d\u2019ouverture devant l\u2019Afrique du Sud.<\/p>\n<p>Brouillon sur les bords, le soci\u00e9taire d\u2019Aston Villa (Premier League) est loin de faire oublier Didier Drogba sur le front de l\u2019attaque des El\u00e9phants.<\/p>\n<p>Eu \u00e9gard \u00e0 son \u00e9clatante saison avec l\u2019OSC Lille (Ligue 1 (fran\u00e7aise) Nicolas P\u00e9p\u00e9 fort de ses 22 buts et 11 passes d\u00e9cisives dans le championnat fran\u00e7ais, \u00a0Nicolas P\u00e9p\u00e9 \u00a0\u00e9tait pr\u00e9c\u00e9d\u00e9 d\u2019une r\u00e9putation de \u00abtueur de matches \u00bb. Cit\u00e9 parmi les potentiels animateurs ou stars de la \u00a0CAN, \u00a0le deuxi\u00e8me meilleur buteur de France a eu une prestation d\u00e9cevante au premier tour. Avec une production moyenne face \u00e0 l\u2019Afrique du Sud et moins bonne devant le Maroc.<\/p>\n<p>\u00ab Le probl\u00e8me avec nos vedettes est qu\u2019ils sont \u00e9tincelants en club et arriv\u00e9s en s\u00e9lection, ils font comme ils n\u2019ont jamais tap\u00e9 dans le ballon \u00bb, juge encore Abdoulaye Kon\u00e9. Pour lui, \u00ab si ces trois joueurs sont align\u00e9s lundi face au Mali, ils doivent se r\u00e9habiliter face au public par un match de r\u00e9f\u00e9rence en s\u00e9lection \u00bb.<\/p>\n<p>P\u00e9p\u00e9, Kodjia et S\u00e9ri sont attendus au tournant pour se faire pardonn\u00e9s des Ivoiriens. Les El\u00e9phants de C\u00f4te d\u2019Ivoire affronteront, lundi \u00e0 Suez, les Aigles du Mali en huiti\u00e8mes de finale de la CAN 2019.<\/p>\n<\/div>\n<p>Auteur: APA News<br \/>\n<a href=\"https:\/\/www.journalducameroun.com\/can-2019-seri-kodjia-et-nicolas-pepe-doivent-une-revanche-a-la-cote-divoire\/\">Cliquez ici pour lire l&rsquo;article depuis sa source.<\/a><\/p>\n","protected":false},"excerpt":{"rendered":"<p>Publi\u00e9 le 06.07.2019 \u00e0 21h18 par APA News Jonathan Kodjia, Jean-Micha\u00ebl S\u00e9ri et Nicolas P\u00e9p\u00e9 sont au nombre des flops de la phase de groupe de la Coupe d\u2019Afrique des nations (CAN) de football en Egypte et qui doivent se racheter aux yeux des sportifs ivoiriens lors du second tour face au Mali (lundi) pour [&hellip;]<\/p>\n","protected":false},"author":1965,"featured_media":0,"comment_status":"closed","ping_status":"closed","sticky":false,"template":"","format":"standard","meta":{"fifu_image_url":"","fifu_image_alt":"","footnotes":""},"categories":[73,82],"tags":[],"class_list":["post-44815","post","type-post","status-publish","format-standard","hentry","category-actualite","category-cameroun"],"_links":{"self":[{"href":"https:\/\/linitiative.ca\/International\/wp-json\/wp\/v2\/posts\/44815","targetHints":{"allow":["GET"]}}],"collection":[{"href":"https:\/\/linitiative.ca\/International\/wp-json\/wp\/v2\/posts"}],"about":[{"href":"https:\/\/linitiative.ca\/International\/wp-json\/wp\/v2\/types\/post"}],"author":[{"embeddable":true,"href":"https:\/\/linitiative.ca\/International\/wp-json\/wp\/v2\/users\/1965"}],"replies":[{"embeddable":true,"href":"https:\/\/linitiative.ca\/International\/wp-json\/wp\/v2\/comments?post=44815"}],"version-history":[{"count":0,"href":"https:\/\/linitiative.ca\/International\/wp-json\/wp\/v2\/posts\/44815\/revisions"}],"wp:attachment":[{"href":"https:\/\/linitiative.ca\/International\/wp-json\/wp\/v2\/media?parent=44815"}],"wp:term":[{"taxonomy":"category","embeddable":true,"href":"https:\/\/linitiative.ca\/International\/wp-json\/wp\/v2\/categories?post=44815"},{"taxonomy":"post_tag","embeddable":true,"href":"https:\/\/linitiative.ca\/International\/wp-json\/wp\/v2\/tags?post=44815"}],"curies":[{"name":"wp","href":"https:\/\/api.w.org\/{rel}","templated":true}]}}