{"id":44816,"date":"2019-07-06T17:50:02","date_gmt":"2019-07-06T21:50:02","guid":{"rendered":"https:\/\/linitiative.ca\/International\/joao-gilberto-pere-de-la-girl-from-ipanema\/"},"modified":"2019-07-06T17:50:02","modified_gmt":"2019-07-06T21:50:02","slug":"joao-gilberto-pere-de-la-girl-from-ipanema","status":"publish","type":"post","link":"https:\/\/linitiative.ca\/International\/joao-gilberto-pere-de-la-girl-from-ipanema\/","title":{"rendered":"Joao Gilberto, p\u00e8re de la \u00ab\u00a0Girl from Ipanema\u00a0\u00bb"},"content":{"rendered":"<div readability=\"32\">\n<p>Publi\u00e9 le 06.07.2019 \u00e0 22h50 par AFP<\/p>\n<\/div>\n<div readability=\"150\">\n<p>Le Br\u00e9silien Joao Gilberto, dont le d\u00e9c\u00e8s \u00e0 l\u2019\u00e2ge de 88 ans a \u00e9t\u00e9 annonc\u00e9 samedi par son fils, \u00e9tait le dernier vivant des p\u00e8res de la bossa nova, rythme syncop\u00e9 issu de la samba mais m\u00e9tiss\u00e9 de cool jazz, devenu l\u2019ambassadeur de l\u2019\u00e2me br\u00e9silienne.<\/p>\n<p>Avec Joao Gilberto, le pianiste compositeur Tom Jobim et le po\u00e8te-diplomate Vinicius de Moraes, la \u00ab\u00a0saudade\u00a0\u00bb (nostalgie) a fait irruption sur les ondes, \u00e0 l\u2019\u00e9t\u00e9 1958.<\/p>\n<p>N\u00e9 le 10 juin 1931 \u00e0 Juazeiro, dans l\u2019Etat de Bahia (nord-est), Joao Gilberto Prado Pereira de Oliveira d\u00e9couvre la musique avec sa premi\u00e8re guitare, \u00e0 l\u2019\u00e2ge de 14 ans.<\/p>\n<p>Quatre ans plus tard, \u00ab\u00a0Joaozinho\u00a0\u00bb quitte son village natal pour Salvador de Bahia o\u00f9 on peut l\u2019entendre sur les ondes de la radio locale et, \u00e0 19 ans, se retrouve \u00e0 Rio de Janeiro. Il y joue dans une petite formation, Garotos da Lua, avec laquelle il fait ses premiers enregistrements et, en 1957, se fait conna\u00eetre comme guitariste sur un disque de Elizeth Cardoso, Can\u00e7ao do Amor Demais, compos\u00e9 par Tom Jobim et Vinicius de Moraes.<\/p>\n<p>\u2013 \u00ab\u00a0Chega de saudade\u00a0\u00bb \u2013<\/p>\n<p>En ao\u00fbt 1958, son 33 tours \u00ab\u00a0Chega de Saudade\u00a0\u00bb marque le point de d\u00e9part de sa carri\u00e8re et celui de la bossa nova (\u00ab\u00a0nouveau truc\u00a0\u00bb). Le public est sous le charme de sa voix chuchotante, des harmonies de Jobim et des paroles de Moraes.<\/p>\n<p>Deux autres albums de Joao Gilberto sortent en 1960 et 1961 avec outre des compositions de Jobim et Moraes, celles d\u2019autres comme Dorival Caymmi, Carlos Lyra, Roberto Menescal.<\/p>\n<p>A partir de 1962 et pendant pr\u00e8s de 20 ans, le guitariste-chanteur vit \u00e0 New York avec un interm\u00e8de de deux ans au Mexique. Il travaille avec Jobim et des jazzmen comme le saxophoniste Stan Getz qui avoue \u00eatre tomb\u00e9 amoureux de sa musique, d\u00e8s les premi\u00e8res notes entendues.<\/p>\n<p>L\u2019album Getz\/Gilberto, avec Garota de Ipanema chant\u00e9e par Astrud Gilberto, la premi\u00e8re femme de Joao (qui le quittera pour Stan Getz), est un immense succ\u00e8s comme leur concert new-yorkais au Carnegie Hall, \u00e0 l\u2019automne 1964.<\/p>\n<p>En 1967, Frank Sinatra met \u00ab\u00a0Girl from Ipanema\u00a0\u00bb \u00e0 son r\u00e9pertoire. La bossa nova envo\u00fbte un public international.<\/p>\n<p>Perfectionniste \u00e0 l\u2019extr\u00eame, Joao attend 1970 pour sortir un nouvel album, Ela \u00e9 Carioca.<\/p>\n<p>Il reste g\u00e9n\u00e9ralement fid\u00e8le \u00e0 Jobim mais collabore aussi avec Gilberto Gil, Caetano Veloso, Maria Bethania notamment, m\u00ealant bossa nova, samba, chansons et dialogues.<\/p>\n<p>Guitariste et chanteur intimiste de l\u2019\u00e2me br\u00e9silienne, il est rentr\u00e9 \u00e0 Rio mais se produit sur les plus grandes sc\u00e8nes du monde. Parmi ses nombreux morceaux d\u2019anthologie, il cite Desafinado, Garota de Ipanema, Chega de saudade, Rosa Morena, Corcovado, Aquarela do Brasil.<\/p>\n<p>En 2001, il remporte \u00e0 Los Angeles le Grammy du meilleur artiste dans la cat\u00e9gorie Musiques du monde pour son album \u00ab\u00a0Joao: Voz e Violao\u00a0\u00bb, succ\u00e9dant \u00e0 ses compatriotes Milton Nascimento, Gilberto Gil et Gaetano Veloso.<\/p>\n<p>Son succ\u00e8s semble \u00e9ternel: en ao\u00fbt 2008, les billets de ses concerts pour le 50e anniversaire de la bossa nova sont \u00e9puis\u00e9s en moins d\u2019une heure.<\/p>\n<p>A l\u2019\u00e9t\u00e9 2015, il devait encore se produire en France aux festivals de Vienne, Marciac et Marseille.<\/p>\n<p>Joao Gilberto est le p\u00e8re de la chanteuse Bebel Gilberto qu\u2019il a eue \u00e0 New York en 1966 avec la chanteuse Miucha, alors son \u00e9pouse, et soeur du chanteur-compositeur Chico Buarque.<\/p>\n<p>Il a fini sa vie en solitaire et ruin\u00e9, pris dans un conflit entre deux de ses enfants, son fils Joao Marcelo et sa fille Bebel, d\u2019une part, et sa derni\u00e8re \u00e9pouse dont il vivait s\u00e9par\u00e9, Claudia Faissol, une journaliste 40 ans plus jeune que lui et m\u00e8re de sa fille adolescente.<\/p>\n<\/div>\n<p>Auteur: AFP<br \/>\n<a href=\"https:\/\/www.journalducameroun.com\/joao-gilberto-pere-de-la-girl-from-ipanema\/\">Cliquez ici pour lire l&rsquo;article depuis sa source.<\/a><\/p>\n","protected":false},"excerpt":{"rendered":"<p>Publi\u00e9 le 06.07.2019 \u00e0 22h50 par AFP Le Br\u00e9silien Joao Gilberto, dont le d\u00e9c\u00e8s \u00e0 l\u2019\u00e2ge de 88 ans a \u00e9t\u00e9 annonc\u00e9 samedi par son fils, \u00e9tait le dernier vivant des p\u00e8res de la bossa nova, rythme syncop\u00e9 issu de la samba mais m\u00e9tiss\u00e9 de cool jazz, devenu l\u2019ambassadeur de l\u2019\u00e2me br\u00e9silienne. Avec Joao Gilberto, [&hellip;]<\/p>\n","protected":false},"author":1965,"featured_media":0,"comment_status":"closed","ping_status":"closed","sticky":false,"template":"","format":"standard","meta":{"fifu_image_url":"","fifu_image_alt":"","footnotes":""},"categories":[73,82],"tags":[],"class_list":["post-44816","post","type-post","status-publish","format-standard","hentry","category-actualite","category-cameroun"],"_links":{"self":[{"href":"https:\/\/linitiative.ca\/International\/wp-json\/wp\/v2\/posts\/44816","targetHints":{"allow":["GET"]}}],"collection":[{"href":"https:\/\/linitiative.ca\/International\/wp-json\/wp\/v2\/posts"}],"about":[{"href":"https:\/\/linitiative.ca\/International\/wp-json\/wp\/v2\/types\/post"}],"author":[{"embeddable":true,"href":"https:\/\/linitiative.ca\/International\/wp-json\/wp\/v2\/users\/1965"}],"replies":[{"embeddable":true,"href":"https:\/\/linitiative.ca\/International\/wp-json\/wp\/v2\/comments?post=44816"}],"version-history":[{"count":0,"href":"https:\/\/linitiative.ca\/International\/wp-json\/wp\/v2\/posts\/44816\/revisions"}],"wp:attachment":[{"href":"https:\/\/linitiative.ca\/International\/wp-json\/wp\/v2\/media?parent=44816"}],"wp:term":[{"taxonomy":"category","embeddable":true,"href":"https:\/\/linitiative.ca\/International\/wp-json\/wp\/v2\/categories?post=44816"},{"taxonomy":"post_tag","embeddable":true,"href":"https:\/\/linitiative.ca\/International\/wp-json\/wp\/v2\/tags?post=44816"}],"curies":[{"name":"wp","href":"https:\/\/api.w.org\/{rel}","templated":true}]}}