{"id":44817,"date":"2019-07-06T17:50:05","date_gmt":"2019-07-06T21:50:05","guid":{"rendered":"https:\/\/linitiative.ca\/International\/can-2019-legypte-pays-hote-et-septuple-vainqueur-eliminee-des-les-8es\/"},"modified":"2019-07-06T17:50:05","modified_gmt":"2019-07-06T21:50:05","slug":"can-2019-legypte-pays-hote-et-septuple-vainqueur-eliminee-des-les-8es","status":"publish","type":"post","link":"https:\/\/linitiative.ca\/International\/can-2019-legypte-pays-hote-et-septuple-vainqueur-eliminee-des-les-8es\/","title":{"rendered":"CAN-2019: l\u2019Egypte, pays h\u00f4te et septuple vainqueur, \u00e9limin\u00e9e d\u00e8s les 8es"},"content":{"rendered":"<div readability=\"32\">\n<p>Publi\u00e9 le 06.07.2019 \u00e0 22h50 par AFP<\/p>\n<\/div>\n<div readability=\"45\">\n<p>Nouveau coup de th\u00e9\u00e2tre dans la Coupe d\u2019Afrique des nations de football: l\u2019Egypte de Mohamed Salah, pays organisateur et septuple vainqueur de la comp\u00e9tition, a \u00e9t\u00e9 \u00e9vinc\u00e9e d\u00e8s les huiti\u00e8mes de finale par l\u2019Afrique du Sud, 1-0, samedi au Caire.<\/p>\n<p>Apr\u00e8s le Maroc \u00e9limin\u00e9 par le B\u00e9nin vendredi et le Cameroun, tenant du titre, battu en d\u00e9but de soir\u00e9e par le Nigeria, c\u2019est un nouveau favori qui chute \u00e0 la CAN. Les Sud-Africains se sont impos\u00e9s gr\u00e2ce \u00e0 un but de Thembinkosi Lorch \u00e0 la 85e minute.<\/p>\n<\/div>\n<p>Auteur: AFP<br \/>\n<a href=\"https:\/\/www.journalducameroun.com\/can-2019-legypte-pays-hote-et-septuple-vainqueur-eliminee-des-les-8es\/\">Cliquez ici pour lire l&rsquo;article depuis sa source.<\/a><\/p>\n","protected":false},"excerpt":{"rendered":"<p>Publi\u00e9 le 06.07.2019 \u00e0 22h50 par AFP Nouveau coup de th\u00e9\u00e2tre dans la Coupe d\u2019Afrique des nations de football: l\u2019Egypte de Mohamed Salah, pays organisateur et septuple vainqueur de la comp\u00e9tition, a \u00e9t\u00e9 \u00e9vinc\u00e9e d\u00e8s les huiti\u00e8mes de finale par l\u2019Afrique du Sud, 1-0, samedi au Caire. Apr\u00e8s le Maroc \u00e9limin\u00e9 par le B\u00e9nin vendredi [&hellip;]<\/p>\n","protected":false},"author":1965,"featured_media":0,"comment_status":"closed","ping_status":"closed","sticky":false,"template":"","format":"standard","meta":{"fifu_image_url":"","fifu_image_alt":"","footnotes":""},"categories":[73,82],"tags":[],"class_list":["post-44817","post","type-post","status-publish","format-standard","hentry","category-actualite","category-cameroun"],"_links":{"self":[{"href":"https:\/\/linitiative.ca\/International\/wp-json\/wp\/v2\/posts\/44817","targetHints":{"allow":["GET"]}}],"collection":[{"href":"https:\/\/linitiative.ca\/International\/wp-json\/wp\/v2\/posts"}],"about":[{"href":"https:\/\/linitiative.ca\/International\/wp-json\/wp\/v2\/types\/post"}],"author":[{"embeddable":true,"href":"https:\/\/linitiative.ca\/International\/wp-json\/wp\/v2\/users\/1965"}],"replies":[{"embeddable":true,"href":"https:\/\/linitiative.ca\/International\/wp-json\/wp\/v2\/comments?post=44817"}],"version-history":[{"count":0,"href":"https:\/\/linitiative.ca\/International\/wp-json\/wp\/v2\/posts\/44817\/revisions"}],"wp:attachment":[{"href":"https:\/\/linitiative.ca\/International\/wp-json\/wp\/v2\/media?parent=44817"}],"wp:term":[{"taxonomy":"category","embeddable":true,"href":"https:\/\/linitiative.ca\/International\/wp-json\/wp\/v2\/categories?post=44817"},{"taxonomy":"post_tag","embeddable":true,"href":"https:\/\/linitiative.ca\/International\/wp-json\/wp\/v2\/tags?post=44817"}],"curies":[{"name":"wp","href":"https:\/\/api.w.org\/{rel}","templated":true}]}}