{"id":44828,"date":"2019-07-06T02:06:44","date_gmt":"2019-07-06T06:06:44","guid":{"rendered":"https:\/\/linitiative.ca\/International\/bip-2020-priorite-a-la-preservation-de-lequilibre-budgetaire\/"},"modified":"2019-07-06T02:06:44","modified_gmt":"2019-07-06T06:06:44","slug":"bip-2020-priorite-a-la-preservation-de-lequilibre-budgetaire","status":"publish","type":"post","link":"https:\/\/linitiative.ca\/International\/bip-2020-priorite-a-la-preservation-de-lequilibre-budgetaire\/","title":{"rendered":"BIP 2020 : Priorit\u00e9 \u00e0 la pr\u00e9servation de l\u2019\u00e9quilibre budg\u00e9taire"},"content":{"rendered":"<p>Le Premier ministre\u00a0<strong>Joseph Dion Ngute<\/strong>\u00a0a pr\u00e9sid\u00e9, le 03 juillet 2019, un Conseil de Cabinet consacr\u00e9 \u00e0 la pr\u00e9paration du budget de l\u2019Etat pour l\u2019exercice 2020. A l\u2019issue des travaux auxquels ont pris part les ministres d\u2019Etat, les ministres, les ministres d\u00e9l\u00e9gu\u00e9s et les secr\u00e9taires d\u2019Etat, un Document de Programmation Economique et Budg\u00e9taire \u00e0 Moyen Terme a \u00e9t\u00e9 adopt\u00e9 pour la p\u00e9riode 2020-2022.<\/p>\n<p>D\u2019apr\u00e8s le communiqu\u00e9 rendu public \u00e0 cet effet, au cours de la p\u00e9riode susmentionn\u00e9e, la politique du gouvernement en mati\u00e8re de finances publiques sera articul\u00e9e autour de trois principaux piliers, \u00e0 savoir la r\u00e9duction du d\u00e9ficit budg\u00e9taire, la maitrise de l\u2019endettement et le renforcement des r\u00e9serves de change \u00e0 la banque centrale. A cet \u00e9gard, pr\u00e9cise le document, le d\u00e9ficit budg\u00e9taire global devrait passer de\u00a0<strong>2,5%<\/strong>\u00a0du produit int\u00e9rieur brut en 2018 \u00e0\u00a0<strong>2% en 2019<\/strong>, pour s\u2019\u00e9tablir \u00e0\u00a0<strong>1,5% du PIB<\/strong>\u00a0de 2020 \u00e0 2022.<\/p>\n<hr\/>\n<h4><strong>>> Lire aussi \u2013 <a title=\"Interrogations sur les mesures d\u2019optimisation du Bip 2018 annonc\u00e9es\" href=\"https:\/\/ecomatin.net\/interrogations-sur-les-mesures-doptimisation-du-bip-2018-annoncees\/\" target=\"_blank\" rel=\"noopener noreferrer\">Interrogations sur les mesures d\u2019optimisation du Bip 2018 annonc\u00e9es<\/a><br \/><\/strong><\/h4>\n<hr\/>\n<p>De fait, \u00ab une attention particuli\u00e8re devra \u00eatre accord\u00e9e \u00e0 la s\u00e9lection et \u00e0 la maturation rigoureuse des projets, \u00e0 l\u2019optimisation de la d\u00e9pense d\u2019investissement et \u00e0 la pr\u00e9servation de l\u2019\u00e9quilibre budg\u00e9taire global \u00bb. \u00c0 ce propos, une liste de projets qui seront prioritairement ex\u00e9cut\u00e9s au cours de l\u2019exercice 2020 a \u00e9t\u00e9 pr\u00e9sent\u00e9e. Ce sont entre autres, la poursuite des grands projets routiers et autoroutiers, la mise en \u0153uvre du programme d\u2019am\u00e9nagement des p\u00e9rim\u00e8tres hydro-agricoles, l\u2019acc\u00e9l\u00e9ration des chantiers de construction des barrages hydro-\u00e9lectriques ainsi que la densification du r\u00e9seau de transport de l\u2019\u00e9lectricit\u00e9, la mise en services des infrastructures de t\u00e9l\u00e9communication \u00e0 large bande, l\u2019op\u00e9rationnalisation compl\u00e8te de la plateforme portuaire de Kribi et la finalisation des \u00e9tudes en vue de la construction du port autonome de Limbe.<\/p>\n<hr\/>\n<h4><strong>>> Lire aussi \u2013 <a title=\"Gestion publique : aucun march\u00e9 du Bip 2019 pass\u00e9 au 30 avril dans l\u2019Oc\u00e9an\" href=\"https:\/\/ecomatin.net\/gestion-publique-aucun-marche-du-bip-2019-passe-au-30-avril-dans-locean\/\" target=\"_blank\" rel=\"noopener noreferrer\">Gestion publique : aucun march\u00e9 du Bip 2019 pass\u00e9 au 30 avril dans l\u2019Oc\u00e9an<\/a><br \/><\/strong><\/h4>\n<hr\/>\n<p>Quant \u00e0 la consolidation des d\u00e9penses publiques, il est indiqu\u00e9 qu\u2019elle sera soutenue par la mobilisation accrue des recettes internes non p\u00e9troli\u00e8res de l\u2019Etat, l\u2019optimisation des d\u00e9penses et le maintien de la dette publique int\u00e9rieure et ext\u00e9rieure sur une trajectoire soutenable. Toutefois, la qualit\u00e9 de ces d\u00e9penses devra \u00eatre am\u00e9lior\u00e9e en termes de maitrise des consommations courantes (eau, \u00e9lectricit\u00e9, t\u00e9l\u00e9phone et loyer) et des subventions vers\u00e9es aux organisations internationales.<\/p>\n<hr\/>\n<h4><strong>>> Lire aussi \u2013 <a title=\"BIP Centre 2018: seules 7 communes sur 70 atteignent un taux de 100% de r\u00e9alisation\" href=\"https:\/\/ecomatin.net\/bip-centre-2018-seules-7-communes-sur-70-atteignent-un-taux-de-100-de-realisation\/\" target=\"_blank\" rel=\"noopener noreferrer\">BIP Centre 2018: seules 7 communes sur 70 atteignent un taux de 100% de r\u00e9alisation<\/a><br \/><\/strong><\/h4>\n<hr\/>\n<p>Rappelons que ces projections sont en coh\u00e9rence avec les objectifs du programme \u00e9conomique et financier conclu avec le FMI, et les crit\u00e8res de convergence des politiques des pays de la\u00a0<strong>CEMAC<\/strong>. Elles seront ensuite soumises au Parlement en vue du d\u00e9bat d\u2019orientation budg\u00e9taire.<\/p>\n<div class=\"about-author about-author-box container-wrapper\">\n<div class=\"author-avatar\">\n<p><img decoding=\"async\" src=\"http:\/\/\" alt=\"\"\/><\/p>\n<\/div>\n<p><h4>La R\u00e9daction EcoMatin<\/h4>\n<\/p>\n<\/div>\n<div class=\"awac-wrapper awac widget blog_subscription-2\">\n<h4 class=\"widget-title\">Abonnez-vous \u00e0 notre lettre d&rsquo;information<\/h4>\n<\/div>\n<p>Auteur: EcoMatin<br \/>\n<a href=\"https:\/\/ecomatin.net\/bip-2020-priorite-a-la-preservation-de-lequilibre-budgetaire\/\">Cliquez ici pour lire l&rsquo;article depuis sa source.<\/a><\/p>\n","protected":false},"excerpt":{"rendered":"<p>Le Premier ministre\u00a0Joseph Dion Ngute\u00a0a pr\u00e9sid\u00e9, le 03 juillet 2019, un Conseil de Cabinet consacr\u00e9 \u00e0 la pr\u00e9paration du budget de l\u2019Etat pour l\u2019exercice 2020. A l\u2019issue des travaux auxquels ont pris part les ministres d\u2019Etat, les ministres, les ministres d\u00e9l\u00e9gu\u00e9s et les secr\u00e9taires d\u2019Etat, un Document de Programmation Economique et Budg\u00e9taire \u00e0 Moyen Terme [&hellip;]<\/p>\n","protected":false},"author":1969,"featured_media":0,"comment_status":"closed","ping_status":"closed","sticky":false,"template":"","format":"standard","meta":{"fifu_image_url":"","fifu_image_alt":"","footnotes":""},"categories":[82,78],"tags":[],"class_list":["post-44828","post","type-post","status-publish","format-standard","hentry","category-cameroun","category-economie"],"_links":{"self":[{"href":"https:\/\/linitiative.ca\/International\/wp-json\/wp\/v2\/posts\/44828","targetHints":{"allow":["GET"]}}],"collection":[{"href":"https:\/\/linitiative.ca\/International\/wp-json\/wp\/v2\/posts"}],"about":[{"href":"https:\/\/linitiative.ca\/International\/wp-json\/wp\/v2\/types\/post"}],"author":[{"embeddable":true,"href":"https:\/\/linitiative.ca\/International\/wp-json\/wp\/v2\/users\/1969"}],"replies":[{"embeddable":true,"href":"https:\/\/linitiative.ca\/International\/wp-json\/wp\/v2\/comments?post=44828"}],"version-history":[{"count":0,"href":"https:\/\/linitiative.ca\/International\/wp-json\/wp\/v2\/posts\/44828\/revisions"}],"wp:attachment":[{"href":"https:\/\/linitiative.ca\/International\/wp-json\/wp\/v2\/media?parent=44828"}],"wp:term":[{"taxonomy":"category","embeddable":true,"href":"https:\/\/linitiative.ca\/International\/wp-json\/wp\/v2\/categories?post=44828"},{"taxonomy":"post_tag","embeddable":true,"href":"https:\/\/linitiative.ca\/International\/wp-json\/wp\/v2\/tags?post=44828"}],"curies":[{"name":"wp","href":"https:\/\/api.w.org\/{rel}","templated":true}]}}