{"id":44829,"date":"2019-07-06T02:13:10","date_gmt":"2019-07-06T06:13:10","guid":{"rendered":"https:\/\/linitiative.ca\/International\/lafd-projette-un-investissement-de-60-milliards-de-fcfa-pour-les-trois-prochaines-annees\/"},"modified":"2019-07-06T02:13:10","modified_gmt":"2019-07-06T06:13:10","slug":"lafd-projette-un-investissement-de-60-milliards-de-fcfa-pour-les-trois-prochaines-annees","status":"publish","type":"post","link":"https:\/\/linitiative.ca\/International\/lafd-projette-un-investissement-de-60-milliards-de-fcfa-pour-les-trois-prochaines-annees\/","title":{"rendered":"L\u2019AFD projette un investissement de 60 milliards de FCFA pour les trois prochaines ann\u00e9es"},"content":{"rendered":"<div class=\"featured-area featured-area-inner\"><img loading=\"lazy\" decoding=\"async\" width=\"300\" height=\"300\" src=\"https:\/\/i1.wp.com\/ecomatin.net\/wp-content\/uploads\/2019\/07\/ecomatin.net-cooperation-economique-lafd-projette-un-investissement-de-60-milliards-de-fcfa-pour-les-trois-prochaines-annees-afd.jpg?resize=300%2C300&#038;ssl=1&#038;is-pending-load=1\" class=\"attachment-jannah-image-post size-jannah-image-post wp-post-image jetpack-lazy-image\" alt=\"\" data-attachment-id=\"9625\" data-permalink=\"https:\/\/ecomatin.net\/lafd-projette-un-investissement-de-60-milliards-de-fcfa-pour-les-trois-prochaines-annees\/afd\/\" data-orig-file=\"https:\/\/i1.wp.com\/ecomatin.net\/wp-content\/uploads\/2019\/07\/ecomatin.net-cooperation-economique-lafd-projette-un-investissement-de-60-milliards-de-fcfa-pour-les-trois-prochaines-annees-afd.jpg?fit=300%2C300&#038;ssl=1\" data-orig-size=\"300,300\" data-comments-opened=\"0\" data-image-meta=\"{\"aperture\":\"0\",\"credit\":\"\",\"camera\":\"\",\"caption\":\"\",\"created_timestamp\":\"0\",\"copyright\":\"\",\"focal_length\":\"0\",\"iso\":\"0\",\"shutter_speed\":\"0\",\"title\":\"\",\"orientation\":\"0\"}\" data-image-title=\"afd\" data-image-description=\"\" data-medium-file=\"https:\/\/i1.wp.com\/ecomatin.net\/wp-content\/uploads\/2019\/07\/ecomatin.net-cooperation-economique-lafd-projette-un-investissement-de-60-milliards-de-fcfa-pour-les-trois-prochaines-annees-afd.jpg?fit=300%2C300&#038;ssl=1\" data-large-file=\"https:\/\/i1.wp.com\/ecomatin.net\/wp-content\/uploads\/2019\/07\/ecomatin.net-cooperation-economique-lafd-projette-un-investissement-de-60-milliards-de-fcfa-pour-les-trois-prochaines-annees-afd.jpg?fit=300%2C300&#038;ssl=1\" data-lazy-srcset=\"https:\/\/i1.wp.com\/ecomatin.net\/wp-content\/uploads\/2019\/07\/ecomatin.net-cooperation-economique-lafd-projette-un-investissement-de-60-milliards-de-fcfa-pour-les-trois-prochaines-annees-afd.jpg?w=300&#038;ssl=1 300w, https:\/\/i1.wp.com\/ecomatin.net\/wp-content\/uploads\/2019\/07\/ecomatin.net-cooperation-economique-lafd-projette-un-investissement-de-60-milliards-de-fcfa-pour-les-trois-prochaines-annees-afd.jpg?resize=150%2C150&#038;ssl=1 150w\" data-lazy-sizes=\"(max-width: 300px) 100vw, 300px\" srcset=\"data:image\/gif;base64,R0lGODlhAQABAIAAAAAAAP\/\/\/yH5BAEAAAAALAAAAAABAAEAAAIBRAA7\"\/><\/div>\n<div class=\"entry-content entry clearfix\" readability=\"59\">\n<p>Renforcer l\u2019acc\u00e8s \u00e0 l\u2019\u00e9ducation et \u00e0 la sant\u00e9 dans la partie septentrionale du Cameroun. C\u2019est le projet de l\u2019<strong>Agence fran\u00e7aise de d\u00e9veloppement<\/strong> (AFD) pour les trois prochaines ann\u00e9es au Cameroun. <strong>C\u00f4me Dechery<\/strong>, responsable \u00e9quipe projet gouvernance financi\u00e8re \u00e0 l\u2019AFD l\u2019a affirm\u00e9 hier au terme de son \u00e9change avec le ministre de la Fonction publique et de la R\u00e9forme administrative Joseph Le\u00a0: \u00ab\u00a0<em>Nous sommes venus au minist\u00e8re de la Fonction publique et de la R\u00e9forme administrative pour discuter d\u2019un projet strat\u00e9gique qui consiste \u00e0 dynamiser l\u2019acc\u00e8s aux services de base dans trois r\u00e9gions du septentrion\u00a0<\/em>\u00bb.<\/p>\n<p>D\u2019apr\u00e8s lui, l\u2019AFD va investir <strong>60 milliards de Fcfa<\/strong>. L\u2019objectif \u00e9tant de multiplier les enseignants dans les salles de classe et les sages-femmes dans les centres de sant\u00e9, dans la perspective d\u2019am\u00e9liorer le taux de scolarisation des enfants, le taux d\u2019accouchements assist\u00e9s et de r\u00e9duire la pauvret\u00e9 dans les r\u00e9gions de l\u2019Extr\u00eame-Nord, du Nord, et de l\u2019Adamaoua. Et pour mener \u00e0 bien le projet, d\u2019autres \u00e9changes auront lieu au cours de cette semaine avec les ministres de la Sant\u00e9 publique, de l\u2019Education de base et des Finances.<\/p>\n<p>Pr\u00e9sente depuis 1960, soit plus de 50 ans de partenariat avec le Cameroun, l\u2019AFD a un portefeuille significatif en termes de soutien de ces priorit\u00e9s nationales. Pour m\u00e9moire, le Cameroun est l\u2019un des premiers b\u00e9n\u00e9ficiaires des financements de l\u2019AFD en Afrique avec des outils financiers tels que le <strong>Contrat de d\u00e9sendettement et de d\u00e9veloppement<\/strong> (<strong>C2D<\/strong>), qui constitue pour le Cameroun le plus important programme d\u2019annulation et de reconversion de sa dette ext\u00e9rieure, les pr\u00eats aux secteurs public et priv\u00e9, et les garanties aux banques et subventions.<\/p>\n<div class=\"about-author about-author-box container-wrapper\">\n<div class=\"author-avatar\">\n<p><img decoding=\"async\" src=\"http:\/\/\" alt=\"\"\/><\/p>\n<\/div>\n<p><h4>La R\u00e9daction EcoMatin<\/h4>\n<\/p>\n<\/div>\n<div class=\"awac-wrapper awac widget blog_subscription-2\">\n<h4 class=\"widget-title\">Abonnez-vous \u00e0 notre lettre d&rsquo;information<\/h4>\n<\/div>\n<\/div>\n<div class=\"toggle-post-content clearfix\"><a id=\"toggle-post-button\" class=\"button\" href=\"#\">Afficher plus <\/a><\/div>\n<p>Auteur: EcoMatin<br \/>\n<a href=\"https:\/\/ecomatin.net\/lafd-projette-un-investissement-de-60-milliards-de-fcfa-pour-les-trois-prochaines-annees\/\">Cliquez ici pour lire l&rsquo;article depuis sa source.<\/a><\/p>\n","protected":false},"excerpt":{"rendered":"<p>Renforcer l\u2019acc\u00e8s \u00e0 l\u2019\u00e9ducation et \u00e0 la sant\u00e9 dans la partie septentrionale du Cameroun. C\u2019est le projet de l\u2019Agence fran\u00e7aise de d\u00e9veloppement (AFD) pour les trois prochaines ann\u00e9es au Cameroun. C\u00f4me Dechery, responsable \u00e9quipe projet gouvernance financi\u00e8re \u00e0 l\u2019AFD l\u2019a affirm\u00e9 hier au terme de son \u00e9change avec le ministre de la Fonction publique et [&hellip;]<\/p>\n","protected":false},"author":1969,"featured_media":0,"comment_status":"closed","ping_status":"closed","sticky":false,"template":"","format":"standard","meta":{"fifu_image_url":"","fifu_image_alt":"","footnotes":""},"categories":[82,78],"tags":[],"class_list":["post-44829","post","type-post","status-publish","format-standard","hentry","category-cameroun","category-economie"],"_links":{"self":[{"href":"https:\/\/linitiative.ca\/International\/wp-json\/wp\/v2\/posts\/44829","targetHints":{"allow":["GET"]}}],"collection":[{"href":"https:\/\/linitiative.ca\/International\/wp-json\/wp\/v2\/posts"}],"about":[{"href":"https:\/\/linitiative.ca\/International\/wp-json\/wp\/v2\/types\/post"}],"author":[{"embeddable":true,"href":"https:\/\/linitiative.ca\/International\/wp-json\/wp\/v2\/users\/1969"}],"replies":[{"embeddable":true,"href":"https:\/\/linitiative.ca\/International\/wp-json\/wp\/v2\/comments?post=44829"}],"version-history":[{"count":0,"href":"https:\/\/linitiative.ca\/International\/wp-json\/wp\/v2\/posts\/44829\/revisions"}],"wp:attachment":[{"href":"https:\/\/linitiative.ca\/International\/wp-json\/wp\/v2\/media?parent=44829"}],"wp:term":[{"taxonomy":"category","embeddable":true,"href":"https:\/\/linitiative.ca\/International\/wp-json\/wp\/v2\/categories?post=44829"},{"taxonomy":"post_tag","embeddable":true,"href":"https:\/\/linitiative.ca\/International\/wp-json\/wp\/v2\/tags?post=44829"}],"curies":[{"name":"wp","href":"https:\/\/api.w.org\/{rel}","templated":true}]}}