{"id":44834,"date":"2019-07-07T04:06:46","date_gmt":"2019-07-07T08:06:46","guid":{"rendered":"https:\/\/linitiative.ca\/International\/rapprochement-des-noeuds-logistiques-adm-connecte-les-ports\/"},"modified":"2019-07-07T04:06:46","modified_gmt":"2019-07-07T08:06:46","slug":"rapprochement-des-noeuds-logistiques-adm-connecte-les-ports","status":"publish","type":"post","link":"https:\/\/linitiative.ca\/International\/rapprochement-des-noeuds-logistiques-adm-connecte-les-ports\/","title":{"rendered":"Rapprochement des n\u0153uds logistiques : ADM connecte les ports"},"content":{"rendered":"<header>\n<div class=\"entry-post-meta\">\n<p>Date\u00a0:<time content=\"2019-07-07T09:06:46+00:00\" class=\"entry-date updated\" datetime=\"2019-07-07T09:06:46+00:00\">juillet 07, 2019<\/time><\/p>\n<p>2Vues<\/p>\n<\/div>\n<\/header>\n<div class=\"entry-content clearfix\" readability=\"47\"><img decoding=\"async\" class=\"post_layout_5_img\" src=\"http:\/\/aujourdhui.ma\/wp-content\/uploads\/2016\/05\/ADM-Autoroute-du-Maroc.jpg?x29840\" alt=\"Rapprochement des n\u0153uds logistiques : ADM connecte les ports\"\/><\/p>\n<p class=\"p1\"><span class=\"c4\"><strong>En vue de renforcer la connectivit\u00e9 entre les routes maritimes et terrestres, la Soci\u00e9t\u00e9 des Autoroutes du Maroc entre en ligne liant les complexes portuaires avec le r\u00e9seau autoroutier national.<\/strong><\/span><span id=\"more-314439\"\/><\/p>\n<p class=\"p1\">Une interconnexion indispensable pour rapprocher les n\u0153uds logistiques, notamment les complexes portuaires des grands centres industriels nationaux. <em>\u00abCeci permet de cr\u00e9er un d\u00e9bouch\u00e9 pour les produits nationaux vers les march\u00e9s des autres continents, notamment les Am\u00e9riques et l\u2019Europe\u00bb<\/em>, apprend-on d\u2019ADM. La soci\u00e9t\u00e9 assure qu\u2019\u00e0 travers l\u2019interconnexion des ports avec le r\u00e9seau autoroutier, <em>\u00ables conteneurs issus du Maroc peuvent toucher des navires plus gros que peuvent accueillir les grands complexes portuaires tels que le port Tanger Med et le port Nador West Med et profiter des co\u00fbts bas de transport\u00bb.<\/em><\/p>\n<p class=\"p1\">ADM pr\u00e9cise dans ce sens que l\u2019attractivit\u00e9 d\u2019un complexe portuaire est mesur\u00e9e par sa performance logistique. Cette derni\u00e8re est \u00e9troitement li\u00e9e \u00e0 son interconnexion avec un r\u00e9seau autoroutier \u00e9tendu et desservant tous les centres industriels du pays.<\/p>\n<\/div>\n<p>Auteur: Kawtar Tali<br \/>\n<a href=\"http:\/\/aujourdhui.ma\/economie\/rapprochement-des-noeuds-logistiques-adm-connecte-les-ports\">Cliquez ici pour lire l&rsquo;article depuis sa source.<\/a><\/p>\n","protected":false},"excerpt":{"rendered":"<p>Date\u00a0:juillet 07, 2019 2Vues En vue de renforcer la connectivit\u00e9 entre les routes maritimes et terrestres, la Soci\u00e9t\u00e9 des Autoroutes du Maroc entre en ligne liant les complexes portuaires avec le r\u00e9seau autoroutier national. Une interconnexion indispensable pour rapprocher les n\u0153uds logistiques, notamment les complexes portuaires des grands centres industriels nationaux. \u00abCeci permet de cr\u00e9er [&hellip;]<\/p>\n","protected":false},"author":1759,"featured_media":0,"comment_status":"closed","ping_status":"closed","sticky":false,"template":"","format":"standard","meta":{"fifu_image_url":"","fifu_image_alt":"","footnotes":""},"categories":[73,54],"tags":[],"class_list":["post-44834","post","type-post","status-publish","format-standard","hentry","category-actualite","category-maroc"],"_links":{"self":[{"href":"https:\/\/linitiative.ca\/International\/wp-json\/wp\/v2\/posts\/44834","targetHints":{"allow":["GET"]}}],"collection":[{"href":"https:\/\/linitiative.ca\/International\/wp-json\/wp\/v2\/posts"}],"about":[{"href":"https:\/\/linitiative.ca\/International\/wp-json\/wp\/v2\/types\/post"}],"author":[{"embeddable":true,"href":"https:\/\/linitiative.ca\/International\/wp-json\/wp\/v2\/users\/1759"}],"replies":[{"embeddable":true,"href":"https:\/\/linitiative.ca\/International\/wp-json\/wp\/v2\/comments?post=44834"}],"version-history":[{"count":0,"href":"https:\/\/linitiative.ca\/International\/wp-json\/wp\/v2\/posts\/44834\/revisions"}],"wp:attachment":[{"href":"https:\/\/linitiative.ca\/International\/wp-json\/wp\/v2\/media?parent=44834"}],"wp:term":[{"taxonomy":"category","embeddable":true,"href":"https:\/\/linitiative.ca\/International\/wp-json\/wp\/v2\/categories?post=44834"},{"taxonomy":"post_tag","embeddable":true,"href":"https:\/\/linitiative.ca\/International\/wp-json\/wp\/v2\/tags?post=44834"}],"curies":[{"name":"wp","href":"https:\/\/api.w.org\/{rel}","templated":true}]}}