{"id":44836,"date":"2019-07-07T04:09:43","date_gmt":"2019-07-07T08:09:43","guid":{"rendered":"https:\/\/linitiative.ca\/International\/festival-des-jeunes-talents-gnaoua-la-jeunesse-et-la-transmission-a-lhonneur\/"},"modified":"2019-07-07T04:09:43","modified_gmt":"2019-07-07T08:09:43","slug":"festival-des-jeunes-talents-gnaoua-la-jeunesse-et-la-transmission-a-lhonneur","status":"publish","type":"post","link":"https:\/\/linitiative.ca\/International\/festival-des-jeunes-talents-gnaoua-la-jeunesse-et-la-transmission-a-lhonneur\/","title":{"rendered":"Festival des jeunes talents Gnaoua :  La jeunesse et la transmission \u00e0 l\u2019honneur"},"content":{"rendered":"<header>\n<\/header>\n<div class=\"entry-content clearfix\" readability=\"42\"><img decoding=\"async\" class=\"post_layout_5_img\" src=\"http:\/\/aujourdhui.ma\/wp-content\/uploads\/2019\/07\/Festival-des-jeunes-talents-Gnaoua.jpg?x29840\" alt=\"Festival des jeunes talents Gnaoua : La jeunesse et la transmission \u00e0 l\u2019honneur\"\/><\/p>\n<p class=\"p1\"><span class=\"s1 c4\"><strong>Le Festival des jeunes talents Gnaoua revient cette ann\u00e9e pour pr\u00e9senter sa 7\u00e8me \u00e9dition qui aura lieu \u00e0 Essaouira du 22 au 25 ao\u00fbt 2019.<\/strong><\/span> <span id=\"more-314224\"\/><\/p>\n<p class=\"p1\"><span class=\"s1\">Programm\u00e9e \u00e0 l\u2019occasion de la F\u00eate de la jeunesse, cette \u00e9dition mettra \u00e0 l\u2019honneur la jeunesse et la transmission. Visant \u00e0 valoriser le patrimoine tagnaouite et perp\u00e9tuer la rel\u00e8ve de cet art ancestral, l\u2019association Torqa Gnaouia a organis\u00e9 un casting dans les villes principales du Royaume pour s\u00e9lectionner neuf troupes de Gnaoua qui se produiront sur la grande sc\u00e8ne de la place Moulay Hassan et participeront au concours \u00abJeunes talents Gnaouas 2019\u00bb dans les cat\u00e9gories guembri, voix, t\u2019bal et prestation sc\u00e9nique.\u00a0<\/span><\/p>\n<\/div>\n<p>Auteur: ALM<br \/>\n<a href=\"http:\/\/aujourdhui.ma\/culture\/musique\/festival-des-jeunes-talents-gnaoua-la-jeunesse-et-la-transmission-a-lhonneur\">Cliquez ici pour lire l&rsquo;article depuis sa source.<\/a><\/p>\n","protected":false},"excerpt":{"rendered":"<p>Le Festival des jeunes talents Gnaoua revient cette ann\u00e9e pour pr\u00e9senter sa 7\u00e8me \u00e9dition qui aura lieu \u00e0 Essaouira du 22 au 25 ao\u00fbt 2019. Programm\u00e9e \u00e0 l\u2019occasion de la F\u00eate de la jeunesse, cette \u00e9dition mettra \u00e0 l\u2019honneur la jeunesse et la transmission. Visant \u00e0 valoriser le patrimoine tagnaouite et perp\u00e9tuer la rel\u00e8ve de [&hellip;]<\/p>\n","protected":false},"author":1759,"featured_media":0,"comment_status":"closed","ping_status":"closed","sticky":false,"template":"","format":"standard","meta":{"fifu_image_url":"","fifu_image_alt":"","footnotes":""},"categories":[73,54],"tags":[],"class_list":["post-44836","post","type-post","status-publish","format-standard","hentry","category-actualite","category-maroc"],"_links":{"self":[{"href":"https:\/\/linitiative.ca\/International\/wp-json\/wp\/v2\/posts\/44836","targetHints":{"allow":["GET"]}}],"collection":[{"href":"https:\/\/linitiative.ca\/International\/wp-json\/wp\/v2\/posts"}],"about":[{"href":"https:\/\/linitiative.ca\/International\/wp-json\/wp\/v2\/types\/post"}],"author":[{"embeddable":true,"href":"https:\/\/linitiative.ca\/International\/wp-json\/wp\/v2\/users\/1759"}],"replies":[{"embeddable":true,"href":"https:\/\/linitiative.ca\/International\/wp-json\/wp\/v2\/comments?post=44836"}],"version-history":[{"count":0,"href":"https:\/\/linitiative.ca\/International\/wp-json\/wp\/v2\/posts\/44836\/revisions"}],"wp:attachment":[{"href":"https:\/\/linitiative.ca\/International\/wp-json\/wp\/v2\/media?parent=44836"}],"wp:term":[{"taxonomy":"category","embeddable":true,"href":"https:\/\/linitiative.ca\/International\/wp-json\/wp\/v2\/categories?post=44836"},{"taxonomy":"post_tag","embeddable":true,"href":"https:\/\/linitiative.ca\/International\/wp-json\/wp\/v2\/tags?post=44836"}],"curies":[{"name":"wp","href":"https:\/\/api.w.org\/{rel}","templated":true}]}}