{"id":44842,"date":"2019-07-07T07:01:02","date_gmt":"2019-07-07T11:01:02","guid":{"rendered":"https:\/\/linitiative.ca\/International\/rapport-benyoub-sur-les-evenements-dal-hoceima\/"},"modified":"2019-07-07T07:01:02","modified_gmt":"2019-07-07T11:01:02","slug":"rapport-benyoub-sur-les-evenements-dal-hoceima","status":"publish","type":"post","link":"https:\/\/linitiative.ca\/International\/rapport-benyoub-sur-les-evenements-dal-hoceima\/","title":{"rendered":"Rapport Benyoub sur les \u00e9v\u00e9nements d\u2019Al Hoceima"},"content":{"rendered":"<p class=\"c3\"><strong><span class=\"c2\">En d\u00e9pit de la gravit\u00e9, une incubation avec \u00absucc\u00e8s\u00bb par la soci\u00e9t\u00e9<\/span><\/strong><\/p>\n<p class=\"c5\"><strong><span class=\"c4\"><span class=\"c2\">E<\/span>n d\u00e9pit de leur gravit\u00e9 et de la d\u00e9licatesse de la situation globale dans la r\u00e9gion tout enti\u00e8re, les \u00e9v\u00e8nements \u00abpacifiques\u00bb d\u2019Al Hoceima ont \u00e9t\u00e9 \u00abincub\u00e9s et couv\u00e9s avec succ\u00e8s\u00bb par la soci\u00e9t\u00e9 tout enti\u00e8re (Etat, institutions, soci\u00e9t\u00e9 civile), compte tenu des atouts que lui conf\u00e8re \u00absa \u00a0vaccination\u00bb contre les changements violents intervenus dans d\u2019autres pays (Tunisie, Libye, Syrie, Egypte, Irak, etc.), indique Ahmed \u00a0Chaouki Benyoub, d\u00e9l\u00e9gu\u00e9 interminist\u00e9riel aux droits de l\u2019homme.<\/span><\/strong><\/p>\n<p class=\"c5\">Benyoub, qui pr\u00e9sentait, jeudi 4 juin au Forum de la MAP son premier rapport intitul\u00e9\u00a0: \u00ab\u00e9v\u00e8nements d\u2019Al Hoceima et protection des droits de l\u2019homme\u00a0: donn\u00e9es, conclusions, recommandations\u00bb, a insist\u00e9 sur la singularit\u00e9 que repr\u00e9sente le traitement r\u00e9serv\u00e9 \u00e0 ces \u00e9v\u00e9nements par les autorit\u00e9s, les institutions, la soci\u00e9t\u00e9\u00a0civile et les mouvements similaires qui ont vu le jour dans d\u2019autres r\u00e9gions.<\/p>\n<p class=\"c5\">Au-del\u00e0 de tous les slogans, les marches, les drapeaux, les clich\u00e9s et les mots d\u2019ordre que brandissaient et r\u00e9p\u00e9taient les manifestants pour r\u00e9clamer la satisfaction de leurs \u00a0revendications, le mouvement a \u00e9t\u00e9 accompagn\u00e9 et soutenu dans un \u00e9lan de parrainage par la soci\u00e9t\u00e9 tout enti\u00e8re, a-t-il dit. Il a rappel\u00e9 que les \u00e9v\u00e8nements n\u2019ont \u00e9t\u00e9 \u00e0 aucun moment rejet\u00e9s ou fustig\u00e9s, \u00e9tant donn\u00e9 la l\u00e9gitimit\u00e9 des revendications visant \u00e0 mettre fin \u00e0 l\u2019exclusion et aux injustices que subit la r\u00e9gion du Rif depuis 1958 et la douleur et la col\u00e8re que suscite la mort tragique du poissonnier Mouhcine Fikri.<\/p>\n<p class=\"c5\">Depuis leur d\u00e9clenchement, ces \u00e9v\u00e8nements ont \u00e9t\u00e9 couv\u00e9s par l\u2019Etat. Il ne les a ignor\u00e9s \u00e0 aucun moment, \u00e9tant donn\u00e9 que le pays \u00e9tait suffisamment pr\u00e9par\u00e9 pour faire face \u00e0 une telle situation en partant notamment du discours royal d\u2019Ajdir et du traitement r\u00e9serv\u00e9 \u00e0 ces \u00e9v\u00e8nements.<\/p>\n<p class=\"c5\">C\u2019est ainsi que les forces de l\u2019ordre ont fait preuve durant toute la p\u00e9riode de 6 mois des \u00e9v\u00e8nements d\u2019un comportement irr\u00e9prochable et les autorit\u00e9s locales ont r\u00e9agi pour satisfaire les revendications et maintenir le contact et le dialogue avec les manifestants.<\/p>\n<p class=\"c5\">Pour sa part, le Conseil national des droits de l\u2019homme a accompagn\u00e9 le d\u00e9roulement des \u00e9v\u00e8nements au m\u00eame titre que les organisations de la soci\u00e9t\u00e9 civile et les mass m\u00e9dia.<\/p>\n<p class=\"c5\">Et pourtant, le climat r\u00e9gional r\u00e9gnant \u00e0 l\u2019\u00e9poque \u00e9tait marqu\u00e9 par des changements violents survenus dans des pays arabes et la recrudescence des tendances s\u00e9cessionnistes,\u00a0fanatiques, religieuses et autres.<\/p>\n<p class=\"c5\">Quant aux jugements prononc\u00e9s \u00e0 l\u2019encontre des activistes du Hirak, ils doivent \u00eatre respect\u00e9s en tant que tels \u00e9tant donn\u00e9 qu\u2019ils \u00e9manent d\u2019un pouvoir judiciaire jouissant de son ind\u00e9pendance.<\/p>\n<p class=\"c5\">En l\u2019\u00e9tat actuel des choses, 42% des activistes du Hirak du Rif condamn\u00e9s ont b\u00e9n\u00e9fici\u00e9 de la gr\u00e2ce royale, a-t-il dit, ajoutant que le rapport avance un certain nombre de conclusions et de recommandations visant notamment \u00e0 la promotion, \u00e0 la protection et \u00e0 la consolidation des droits de l\u2019homme non seulement dans la r\u00e9gion d\u2019Al Hoceima mais partout au Maroc.<\/p>\n<p class=\"c5\">Le rapport recommande aussi au CNDH d\u2019enrichir son action en poursuivant son programme d\u2019accompagnement des familles de d\u00e9tenus, de proc\u00e9der \u00e0 une \u00e9valuation de son action et de publier l\u2019\u00e9tude sur les \u00e9v\u00e9nements de 1958-59, r\u00e9alis\u00e9e dans le cadre du programme du CNDH.<\/p>\n<p class=\"c5\">Le d\u00e9l\u00e9gu\u00e9 interminist\u00e9riel aux droits de l\u2019homme a fait savoir \u00e0 cette occasion que trois rapports seront prochainement publi\u00e9s, le premier, en octobre prochain, sur les droits de l\u2019homme au Maroc, le deuxi\u00e8me, en d\u00e9cembre prochain, sur les droits de l\u2019homme au Sahara et le troisi\u00e8me sur les droits de l\u2019homme, les libert\u00e9s et les associations, en d\u00e9cembre 2019.<\/p>\n<p class=\"c6\"><strong>M\u2019Barek Tafsi<\/strong><\/p>\n<p>Auteur: rahal mehamed<br \/>\n<a href=\"http:\/\/albayane.press.ma\/rapport-benyoub-sur-les-evenements-dal-hoceima.html\">Cliquez ici pour lire l&rsquo;article depuis sa source.<\/a><\/p>\n","protected":false},"excerpt":{"rendered":"<p>En d\u00e9pit de la gravit\u00e9, une incubation avec \u00absucc\u00e8s\u00bb par la soci\u00e9t\u00e9 En d\u00e9pit de leur gravit\u00e9 et de la d\u00e9licatesse de la situation globale dans la r\u00e9gion tout enti\u00e8re, les \u00e9v\u00e8nements \u00abpacifiques\u00bb d\u2019Al Hoceima ont \u00e9t\u00e9 \u00abincub\u00e9s et couv\u00e9s avec succ\u00e8s\u00bb par la soci\u00e9t\u00e9 tout enti\u00e8re (Etat, institutions, soci\u00e9t\u00e9 civile), compte tenu des atouts [&hellip;]<\/p>\n","protected":false},"author":1760,"featured_media":0,"comment_status":"closed","ping_status":"closed","sticky":false,"template":"","format":"standard","meta":{"fifu_image_url":"","fifu_image_alt":"","footnotes":""},"categories":[73,54],"tags":[],"class_list":["post-44842","post","type-post","status-publish","format-standard","hentry","category-actualite","category-maroc"],"_links":{"self":[{"href":"https:\/\/linitiative.ca\/International\/wp-json\/wp\/v2\/posts\/44842","targetHints":{"allow":["GET"]}}],"collection":[{"href":"https:\/\/linitiative.ca\/International\/wp-json\/wp\/v2\/posts"}],"about":[{"href":"https:\/\/linitiative.ca\/International\/wp-json\/wp\/v2\/types\/post"}],"author":[{"embeddable":true,"href":"https:\/\/linitiative.ca\/International\/wp-json\/wp\/v2\/users\/1760"}],"replies":[{"embeddable":true,"href":"https:\/\/linitiative.ca\/International\/wp-json\/wp\/v2\/comments?post=44842"}],"version-history":[{"count":0,"href":"https:\/\/linitiative.ca\/International\/wp-json\/wp\/v2\/posts\/44842\/revisions"}],"wp:attachment":[{"href":"https:\/\/linitiative.ca\/International\/wp-json\/wp\/v2\/media?parent=44842"}],"wp:term":[{"taxonomy":"category","embeddable":true,"href":"https:\/\/linitiative.ca\/International\/wp-json\/wp\/v2\/categories?post=44842"},{"taxonomy":"post_tag","embeddable":true,"href":"https:\/\/linitiative.ca\/International\/wp-json\/wp\/v2\/tags?post=44842"}],"curies":[{"name":"wp","href":"https:\/\/api.w.org\/{rel}","templated":true}]}}