{"id":44844,"date":"2019-07-07T07:38:00","date_gmt":"2019-07-07T11:38:00","guid":{"rendered":"https:\/\/linitiative.ca\/International\/djamel-ould-abbes-place-sous-mandat-de-depot\/"},"modified":"2019-07-07T07:38:00","modified_gmt":"2019-07-07T11:38:00","slug":"djamel-ould-abbes-place-sous-mandat-de-depot","status":"publish","type":"post","link":"https:\/\/linitiative.ca\/International\/djamel-ould-abbes-place-sous-mandat-de-depot\/","title":{"rendered":"Djamel Ould-Abbes plac\u00e9 sous mandat de d\u00e9p\u00f4t"},"content":{"rendered":"<div id=\"originalText\" readability=\"49\">\n<p>L&rsquo;ex-s\u00e9nateur, Djamel Ould Abbes, a \u00e9t\u00e9 plac\u00e9, dimanche, sous mandat de d\u00e9p\u00f4t, \u00e0 la prison d&rsquo;El Harrach,\u00a0par le juge enqu\u00eateur pr\u00e8s la Cour supr\u00eame.<\/p>\n<p>Djamel Ould Abbes, qui est notamment ancien secr\u00e9taire g\u00e9n\u00e9ral du Front de lib\u00e9ration nationale (FLN), est poursuivi pour pour \u00abdilapidation de deniers publics, conclusion d&rsquo;un march\u00e9 en violation des dispositions\u00a0 l\u00e9gislatives et r\u00e9glementaires en vigueur et faux en \u00e9critures publiques\u00bb,\u00a0 lorsqu&rsquo;il \u00e9tait ministre de la Solidarit\u00e9 nationale et de la Famille, entre 1999 et 2010.<\/p>\n<p class=\"c10\"><strong>R\u00e9daction Web\u00a0<\/strong><\/p>\n<\/div>\n<div id=\"text_core\" readability=\"49\">\n<p>L&rsquo;ex-s\u00e9nateur, Djamel Ould Abbes, a \u00e9t\u00e9 plac\u00e9, dimanche, sous mandat de d\u00e9p\u00f4t, \u00e0 la prison d&rsquo;El Harrach,\u00a0par le juge enqu\u00eateur pr\u00e8s la Cour supr\u00eame.<\/p>\n<p>Djamel Ould Abbes, qui est notamment ancien secr\u00e9taire g\u00e9n\u00e9ral du Front de lib\u00e9ration nationale (FLN), est poursuivi pour pour \u00abdilapidation de deniers publics, conclusion d&rsquo;un march\u00e9 en violation des dispositions\u00a0 l\u00e9gislatives et r\u00e9glementaires en vigueur et faux en \u00e9critures publiques\u00bb,\u00a0 lorsqu&rsquo;il \u00e9tait ministre de la Solidarit\u00e9 nationale et de la Famille, entre 1999 et 2010.<\/p>\n<p class=\"c10\"><strong>R\u00e9daction Web\u00a0<\/strong><\/p>\n<\/div>\n<p>Auteur:<br \/>\n<a href=\"https:\/\/www.liberte-algerie.com\/actualite\/djamel-ould-abbes-place-sous-mandat-de-depot-319464\">Cliquez ici pour lire l&rsquo;article depuis sa source.<\/a><\/p>\n","protected":false},"excerpt":{"rendered":"<p>L&rsquo;ex-s\u00e9nateur, Djamel Ould Abbes, a \u00e9t\u00e9 plac\u00e9, dimanche, sous mandat de d\u00e9p\u00f4t, \u00e0 la prison d&rsquo;El Harrach,\u00a0par le juge enqu\u00eateur pr\u00e8s la Cour supr\u00eame. Djamel Ould Abbes, qui est notamment ancien secr\u00e9taire g\u00e9n\u00e9ral du Front de lib\u00e9ration nationale (FLN), est poursuivi pour pour \u00abdilapidation de deniers publics, conclusion d&rsquo;un march\u00e9 en violation des dispositions\u00a0 l\u00e9gislatives [&hellip;]<\/p>\n","protected":false},"author":1742,"featured_media":0,"comment_status":"closed","ping_status":"closed","sticky":false,"template":"","format":"standard","meta":{"fifu_image_url":"","fifu_image_alt":"","footnotes":""},"categories":[73,53],"tags":[],"class_list":["post-44844","post","type-post","status-publish","format-standard","hentry","category-actualite","category-algerie"],"_links":{"self":[{"href":"https:\/\/linitiative.ca\/International\/wp-json\/wp\/v2\/posts\/44844","targetHints":{"allow":["GET"]}}],"collection":[{"href":"https:\/\/linitiative.ca\/International\/wp-json\/wp\/v2\/posts"}],"about":[{"href":"https:\/\/linitiative.ca\/International\/wp-json\/wp\/v2\/types\/post"}],"author":[{"embeddable":true,"href":"https:\/\/linitiative.ca\/International\/wp-json\/wp\/v2\/users\/1742"}],"replies":[{"embeddable":true,"href":"https:\/\/linitiative.ca\/International\/wp-json\/wp\/v2\/comments?post=44844"}],"version-history":[{"count":0,"href":"https:\/\/linitiative.ca\/International\/wp-json\/wp\/v2\/posts\/44844\/revisions"}],"wp:attachment":[{"href":"https:\/\/linitiative.ca\/International\/wp-json\/wp\/v2\/media?parent=44844"}],"wp:term":[{"taxonomy":"category","embeddable":true,"href":"https:\/\/linitiative.ca\/International\/wp-json\/wp\/v2\/categories?post=44844"},{"taxonomy":"post_tag","embeddable":true,"href":"https:\/\/linitiative.ca\/International\/wp-json\/wp\/v2\/tags?post=44844"}],"curies":[{"name":"wp","href":"https:\/\/api.w.org\/{rel}","templated":true}]}}