{"id":44846,"date":"2019-07-07T08:12:00","date_gmt":"2019-07-07T12:12:00","guid":{"rendered":"https:\/\/linitiative.ca\/International\/lobstacle-aujourdhui-est-laccaparement-de-lappareil-judicaire\/"},"modified":"2019-07-07T08:12:00","modified_gmt":"2019-07-07T12:12:00","slug":"lobstacle-aujourdhui-est-laccaparement-de-lappareil-judicaire","status":"publish","type":"post","link":"https:\/\/linitiative.ca\/International\/lobstacle-aujourdhui-est-laccaparement-de-lappareil-judicaire\/","title":{"rendered":"\u00abL\u2019obstacle aujourd\u2019hui est l\u2019accaparement de l\u2019appareil judicaire\u00bb"},"content":{"rendered":"<div id=\"originalText\" readability=\"72\">\n<p>Le conseil national du Rassemblement pour la culture et la d\u00e9mocratie (RCD) se f\u00e9licite de \u00abl\u2019initiative de regroupement des forces d\u00e9mocratiques et des forces vives du pays\u00bb, et estime que \u00abl\u2019\u00e9largissement de ce cadre est aujourd\u2019hui un imp\u00e9ratif pour aider \u00e0 donner un cours positif au soul\u00e8vement populaire\u00bb.<\/p>\n<p>\u00abLa transition d\u00e9mocratique est la seule voie pour pr\u00e9parer un environnement institutionnel qui permet l\u2019expression de la souverainet\u00e9 populaire et entamer le chantier salvateur de la refondation de l\u2019Etat\u00bb, souligne le parti dans les r\u00e9solutions de la r\u00e9union de son CN, hier samedi, et rendues publiques ce dimanche.<\/p>\n<p>Par ailleurs, le RCD consid\u00e8re que \u00abcomme sous le r\u00e8gne du pr\u00e9sident d\u00e9chu, d\u2019o\u00f9 que l\u2019on vienne, l\u2019obstacle aujourd\u2019hui est l\u2019accaparement de l\u2019appareil judicaire utilis\u00e9 pour assoir la mainmise d\u2019un groupe sur tous les pouvoirs de d\u00e9cisions\u00bb.<\/p>\n<p>Il se pose d\u2019ailleurs la question\u00a0: \u00abQui peut croire aujourd\u2019hui que parmi les d\u00e9cideurs acharn\u00e9s d\u2019un 5\u00e8me mandat, il existerait chez certains d\u2019entre eux des motivations autres que le maintien d\u2019un statu quo et d\u2019un syst\u00e8me fait de dilapidation de l\u2019argent public, de rapine et d\u2019impunit\u00e9 ?\u00bb.<\/p>\n<p>Aussi, rel\u00e8ve le m\u00eame parti\u00a0: \u00abQui peut croire que le vice-ministre de la d\u00e9fense, l\u2019actuel pr\u00e9sident de l\u2019Etat ou le chef du gouvernement, tous ill\u00e9gitimes, avaient pour motivations le sauvetage de notre pays de la issaba, eux qui \u00e9taient les principaux promoteurs la reconduction de Bouteflika par le biais de son cadre ?\u00bb.<\/p>\n<p>Ceci, avant de conclure\u00a0: \u00abLa r\u00e9ponse a \u00e9t\u00e9 magistralement donn\u00e9e le 22 f\u00e9vrier 2019 par le peuple Alg\u00e9rien\u00bb.<\/p>\n<p class=\"c10\"><strong>R\u00e9daction Web<\/strong><\/p>\n<\/div>\n<div id=\"text_core\" readability=\"72\">\n<p>Le conseil national du Rassemblement pour la culture et la d\u00e9mocratie (RCD) se f\u00e9licite de \u00abl\u2019initiative de regroupement des forces d\u00e9mocratiques et des forces vives du pays\u00bb, et estime que \u00abl\u2019\u00e9largissement de ce cadre est aujourd\u2019hui un imp\u00e9ratif pour aider \u00e0 donner un cours positif au soul\u00e8vement populaire\u00bb.<\/p>\n<p>\u00abLa transition d\u00e9mocratique est la seule voie pour pr\u00e9parer un environnement institutionnel qui permet l\u2019expression de la souverainet\u00e9 populaire et entamer le chantier salvateur de la refondation de l\u2019Etat\u00bb, souligne le parti dans les r\u00e9solutions de la r\u00e9union de son CN, hier samedi, et rendues publiques ce dimanche.<\/p>\n<p>Par ailleurs, le RCD consid\u00e8re que \u00abcomme sous le r\u00e8gne du pr\u00e9sident d\u00e9chu, d\u2019o\u00f9 que l\u2019on vienne, l\u2019obstacle aujourd\u2019hui est l\u2019accaparement de l\u2019appareil judicaire utilis\u00e9 pour assoir la mainmise d\u2019un groupe sur tous les pouvoirs de d\u00e9cisions\u00bb.<\/p>\n<p>Il se pose d\u2019ailleurs la question\u00a0: \u00abQui peut croire aujourd\u2019hui que parmi les d\u00e9cideurs acharn\u00e9s d\u2019un 5\u00e8me mandat, il existerait chez certains d\u2019entre eux des motivations autres que le maintien d\u2019un statu quo et d\u2019un syst\u00e8me fait de dilapidation de l\u2019argent public, de rapine et d\u2019impunit\u00e9 ?\u00bb.<\/p>\n<p>Aussi, rel\u00e8ve le m\u00eame parti\u00a0: \u00abQui peut croire que le vice-ministre de la d\u00e9fense, l\u2019actuel pr\u00e9sident de l\u2019Etat ou le chef du gouvernement, tous ill\u00e9gitimes, avaient pour motivations le sauvetage de notre pays de la issaba, eux qui \u00e9taient les principaux promoteurs la reconduction de Bouteflika par le biais de son cadre ?\u00bb.<\/p>\n<p>Ceci, avant de conclure\u00a0: \u00abLa r\u00e9ponse a \u00e9t\u00e9 magistralement donn\u00e9e le 22 f\u00e9vrier 2019 par le peuple Alg\u00e9rien\u00bb.<\/p>\n<p class=\"c10\"><strong>R\u00e9daction Web<\/strong><\/p>\n<\/div>\n<p>Auteur:<br \/>\n<a href=\"https:\/\/www.liberte-algerie.com\/actualite\/lobstacle-aujourdhui-est-laccaparement-de-lappareil-judicaire-319466\">Cliquez ici pour lire l&rsquo;article depuis sa source.<\/a><\/p>\n","protected":false},"excerpt":{"rendered":"<p>Le conseil national du Rassemblement pour la culture et la d\u00e9mocratie (RCD) se f\u00e9licite de \u00abl\u2019initiative de regroupement des forces d\u00e9mocratiques et des forces vives du pays\u00bb, et estime que \u00abl\u2019\u00e9largissement de ce cadre est aujourd\u2019hui un imp\u00e9ratif pour aider \u00e0 donner un cours positif au soul\u00e8vement populaire\u00bb. \u00abLa transition d\u00e9mocratique est la seule voie [&hellip;]<\/p>\n","protected":false},"author":1742,"featured_media":0,"comment_status":"closed","ping_status":"closed","sticky":false,"template":"","format":"standard","meta":{"fifu_image_url":"","fifu_image_alt":"","footnotes":""},"categories":[73,53],"tags":[],"class_list":["post-44846","post","type-post","status-publish","format-standard","hentry","category-actualite","category-algerie"],"_links":{"self":[{"href":"https:\/\/linitiative.ca\/International\/wp-json\/wp\/v2\/posts\/44846","targetHints":{"allow":["GET"]}}],"collection":[{"href":"https:\/\/linitiative.ca\/International\/wp-json\/wp\/v2\/posts"}],"about":[{"href":"https:\/\/linitiative.ca\/International\/wp-json\/wp\/v2\/types\/post"}],"author":[{"embeddable":true,"href":"https:\/\/linitiative.ca\/International\/wp-json\/wp\/v2\/users\/1742"}],"replies":[{"embeddable":true,"href":"https:\/\/linitiative.ca\/International\/wp-json\/wp\/v2\/comments?post=44846"}],"version-history":[{"count":0,"href":"https:\/\/linitiative.ca\/International\/wp-json\/wp\/v2\/posts\/44846\/revisions"}],"wp:attachment":[{"href":"https:\/\/linitiative.ca\/International\/wp-json\/wp\/v2\/media?parent=44846"}],"wp:term":[{"taxonomy":"category","embeddable":true,"href":"https:\/\/linitiative.ca\/International\/wp-json\/wp\/v2\/categories?post=44846"},{"taxonomy":"post_tag","embeddable":true,"href":"https:\/\/linitiative.ca\/International\/wp-json\/wp\/v2\/tags?post=44846"}],"curies":[{"name":"wp","href":"https:\/\/api.w.org\/{rel}","templated":true}]}}