{"id":44850,"date":"2019-07-07T06:50:11","date_gmt":"2019-07-07T10:50:11","guid":{"rendered":"https:\/\/linitiative.ca\/International\/le-fnap-traduit-la-diversite-du-patrimoine-immateriel\/"},"modified":"2019-07-07T06:50:11","modified_gmt":"2019-07-07T10:50:11","slug":"le-fnap-traduit-la-diversite-du-patrimoine-immateriel","status":"publish","type":"post","link":"https:\/\/linitiative.ca\/International\/le-fnap-traduit-la-diversite-du-patrimoine-immateriel\/","title":{"rendered":"Le FNAP traduit la diversit\u00e9 du patrimoine immat\u00e9riel"},"content":{"rendered":"<div readability=\"41\">\n<p>Marrakech \u2013 Le Festival national des Arts populaires (FNAP), organis\u00e9 annuellement \u00e0 la Cit\u00e9 ocre, traduit la diversit\u00e9 de cet important patrimoine culturel immat\u00e9riel qui fait la fiert\u00e9 des Marocains, a affirm\u00e9 samedi soir, \u00e0 Marrakech, le ministre de la Culture et de la communication, Mohamed Laaraj.<\/p>\n<\/div>\n<div readability=\"112\">\n<p>Intervenant \u00e0 la c\u00e9r\u00e9monie de cl\u00f4ture de la 50\u00e8 \u00e9dition du FNAP, M. Laaraj a relev\u00e9 que le minist\u00e8re de la Culture a activement soutenu cette manifestation artistique et culturelle d\u2019envergure qui est consid\u00e9r\u00e9e comme l\u2019un des plus importants et les plus anciens festivals qui traduit la diversit\u00e9 culturelle caract\u00e9risant le Royaume.<\/p>\n<p>Apr\u00e8s avoir fait observer que les Marocains ne cessent de manifester leur attachement \u00e0 leur patrimoine, leur histoire et leur culture et racines, il a indiqu\u00e9 que le FNAP repr\u00e9sente \u00ab\u00a0une occasion pour promouvoir notre patrimoine immat\u00e9riel, le faire connaitre aupr\u00e8s des jeunes g\u00e9n\u00e9rations et des touristes mais aussi et surtout une opportunit\u00e9 pour sa valorisation et sa sauvegarde\u00a0\u00bb.<\/p>\n<p>Dans ce cadre, M. Laaraj a mis en relief le r\u00f4le pr\u00e9pond\u00e9rant que joue la soci\u00e9t\u00e9 civile dans la promotion et la sauvegarde de ce patrimoine national immat\u00e9riel.<\/p>\n<p>Le pr\u00e9sident du FNAP, Mohamed Knidiri, a soulign\u00e9 pour sa part, que cette 50\u00e8 \u00e9dition du festival a battu tous les records avec plus de 300.000 spectateurs pour les cinq sites des spectacles, plus de 760 artistes et plus de 60 troupes participantes.<\/p>\n<p>Concernant la prochaine \u00e9dition du FNAP, il a fait savoir qu\u2019elle sera organis\u00e9e fin juin-d\u00e9but juillet 2020 et les organisateurs comptent am\u00e9nager davantage de sites pour les spectacles tout en poursuivant l\u2019ouverture du festival sur les troupes \u00e9trang\u00e8res.<\/p>\n<p>Cette soir\u00e9e de cl\u00f4ture, dont la mise en sc\u00e8ne a \u00e9t\u00e9 confi\u00e9e au c\u00e9l\u00e8bre chor\u00e9graphe et r\u00e9alisateur marocain, Lahcen Zinoun, a tenu toutes ses promesses en r\u00e9ussissant a emmener le public pendant pr\u00e8s de deux heures dans un v\u00e9ritable voyage \u00e0 travers la magie du folklore marocain au c\u0153ur du prestigieux site du palais Badii, s\u00e9culaire monument historique datant du 16\u00e8 si\u00e8cle.<\/p>\n<p>Une vingtaine de troupes repr\u00e9sentant les diff\u00e9rentes r\u00e9gions du Maroc ont gratifi\u00e9 le public venu assister \u00e0 cette soir\u00e9e de cl\u00f4ture, par des spectacles et des danses chor\u00e9graphiques m\u00e9tiss\u00e9s avec des chants populaires ex\u00e9cut\u00e9s avec brio et donnant lieu \u00e0 de merveilleux \u00e9changes gestuels.<\/p>\n<p>La soir\u00e9e de cl\u00f4ture a \u00e9t\u00e9 aussi marqu\u00e9e par l\u2019hommage rendu \u00e0 deux artistes marocains qui ont vou\u00e9 leur vie \u00e0 la promotion et la sauvegarde des arts populaires.<\/p>\n<p>Il s\u2019agit de l\u2019artiste Fatima Akbour, ra\u00efssa d\u2019une troupe d\u2019Ahwach de la ville de Taraoudant et l\u2019artiste Mohamed Bounani, ra\u00efs de la troupe Guedra de Guelmim.<\/p>\n<p>Plac\u00e9 sous le Haut Patronage de SM le Roi Mohammed VI et organis\u00e9 par l\u2019association le Grand Atlas en partenariat avec le minist\u00e8re de la culture et de la communication et les conseils \u00e9lus et la Wilaya de la r\u00e9gion de Marrakech-Safi, le FNAP est non seulement la manifestation culturelle la plus importante dans l\u2019histoire du Maroc contemporain mais aussi d\u00e9clar\u00e9e par l\u2019UNESCO comme chef d\u2019\u0153uvre du Patrimoine culturel immat\u00e9riel de l\u2019Humanit\u00e9 (depuis le 04 juillet 2005).<\/p>\n<p>Cette manifestation culturelle, organis\u00e9e du 02 au 06 juillet, a accueilli plus de 60 troupes issues des diff\u00e9rentes r\u00e9gions du Maroc venues c\u00e9l\u00e9brer la magnificence, la richesse et la diversit\u00e9 du patrimoine culturel immat\u00e9riel marocain, en plus de troupes venues de l\u2019Ukraine, l\u2019Alg\u00e9rie, le S\u00e9n\u00e9gal et la Chine, venues pr\u00e9senter la culture et le folklore de leurs pays.<\/p>\n<p>Le programme de cette \u00e9dition, organis\u00e9e sous le signe \u00ab\u00a0Richesse et diversit\u00e9 du patrimoine culturel national\u00a0\u00bb, comportait une s\u00e9rie de spectacles folkloriques et un colloque international sur le th\u00e8me \u00ab\u00a0Gestes, textes et musiques afro-marocains, influences et confluences\u00a0\u00bb, avec la participation d\u2019\u00e9minents universitaires et sp\u00e9cialistes.<\/p>\n<\/div>\n<p>Auteur: Meriem IGASS<br \/>\n<a href=\"http:\/\/www.mapmarrakech.ma\/fr\/le-fnap-traduit-la-diversite-du-patrimoine-culturel-immateriel\/\">Cliquez ici pour lire l&rsquo;article depuis sa source.<\/a><\/p>\n","protected":false},"excerpt":{"rendered":"<p>Marrakech \u2013 Le Festival national des Arts populaires (FNAP), organis\u00e9 annuellement \u00e0 la Cit\u00e9 ocre, traduit la diversit\u00e9 de cet important patrimoine culturel immat\u00e9riel qui fait la fiert\u00e9 des Marocains, a affirm\u00e9 samedi soir, \u00e0 Marrakech, le ministre de la Culture et de la communication, Mohamed Laaraj. Intervenant \u00e0 la c\u00e9r\u00e9monie de cl\u00f4ture de la [&hellip;]<\/p>\n","protected":false},"author":1788,"featured_media":0,"comment_status":"closed","ping_status":"closed","sticky":false,"template":"","format":"standard","meta":{"fifu_image_url":"","fifu_image_alt":"","footnotes":""},"categories":[54,76],"tags":[],"class_list":["post-44850","post","type-post","status-publish","format-standard","hentry","category-maroc","category-regions"],"_links":{"self":[{"href":"https:\/\/linitiative.ca\/International\/wp-json\/wp\/v2\/posts\/44850","targetHints":{"allow":["GET"]}}],"collection":[{"href":"https:\/\/linitiative.ca\/International\/wp-json\/wp\/v2\/posts"}],"about":[{"href":"https:\/\/linitiative.ca\/International\/wp-json\/wp\/v2\/types\/post"}],"author":[{"embeddable":true,"href":"https:\/\/linitiative.ca\/International\/wp-json\/wp\/v2\/users\/1788"}],"replies":[{"embeddable":true,"href":"https:\/\/linitiative.ca\/International\/wp-json\/wp\/v2\/comments?post=44850"}],"version-history":[{"count":0,"href":"https:\/\/linitiative.ca\/International\/wp-json\/wp\/v2\/posts\/44850\/revisions"}],"wp:attachment":[{"href":"https:\/\/linitiative.ca\/International\/wp-json\/wp\/v2\/media?parent=44850"}],"wp:term":[{"taxonomy":"category","embeddable":true,"href":"https:\/\/linitiative.ca\/International\/wp-json\/wp\/v2\/categories?post=44850"},{"taxonomy":"post_tag","embeddable":true,"href":"https:\/\/linitiative.ca\/International\/wp-json\/wp\/v2\/tags?post=44850"}],"curies":[{"name":"wp","href":"https:\/\/api.w.org\/{rel}","templated":true}]}}