{"id":44851,"date":"2019-07-07T13:00:50","date_gmt":"2019-07-07T17:00:50","guid":{"rendered":"https:\/\/linitiative.ca\/International\/chlef-24-ha-de-forets-ravages-par-les-flammes-a-oued-fodda\/"},"modified":"2019-07-07T13:00:50","modified_gmt":"2019-07-07T17:00:50","slug":"chlef-24-ha-de-forets-ravages-par-les-flammes-a-oued-fodda","status":"publish","type":"post","link":"https:\/\/linitiative.ca\/International\/chlef-24-ha-de-forets-ravages-par-les-flammes-a-oued-fodda\/","title":{"rendered":"Chlef : 24 ha de for\u00eats ravag\u00e9s par les flammes \u00e0 Oued Fodda"},"content":{"rendered":"<div>\n<div class=\"K2FeedImage\"><img decoding=\"async\" src=\"http:\/\/www.aps.dz\/media\/k2\/items\/cache\/4cbdc58738a91d4c93b7bbb09ff74b30_S.jpg\" alt=\"Chlef : 24 ha de for\u00eats ravag\u00e9s par les flammes \u00e0 Oued Fodda\"><\/div>\n<div class=\"K2FeedIntroText\">\n<p>CHLEF- Une superficie de pr\u00e8s de 24 ha de la for\u00eat Tamoulda, du lieu dit \u00ab\u00a0Mdjamaia\u00a0\u00bb de la commune de l\u2019Oued Fodda de Chlef, a \u00e9t\u00e9 ravag\u00e9e par les flammes samedi soir, a-t-on appris, dimanche, aupr\u00e8s des services de la protection civile de la wilaya.<\/p>\n<\/div>\n<div class=\"K2FeedFullText\">\n<p>\u00ab\u00a0Un incendie s\u2019est d\u00e9clar\u00e9 samedi au niveau de la for\u00eat Tamoulda, causant la perte de 24 ha de v\u00e9g\u00e9tations, dont 4 ha de pin d\u2019Alep et 20 ha de maquis\u00a0\u00bb, a indiqu\u00e9 \u00e0 l\u2019APS le charg\u00e9 de la communication aupr\u00e8s de ce corps s\u00e9curitaire, le lieutenant Mohamed Messa\u00e2dia.<\/p>\n<p>L\u2019incendie a \u00e9t\u00e9 totalement maitris\u00e9 aux environs de 8h40 mn dimanche matin\u00a0 gr\u00e2ce \u00e0 l\u2019intervention de l\u2019unit\u00e9 de la protection civile de l\u2019Oued Fodda, soutenue en la circonstance par la colonne mobile, a-t-il ajout\u00e9.<\/p>\n<hr>\n<h3 class=\"catItemTitle\"><a href=\"http:\/\/www.aps.dz\/regions\/91374-constantin-plus-de-500-hectares-de-couvert-vegetal-ravages-par-le-feu-en-un-mois\">Constantine: plus de 500 hectares de couvert v\u00e9g\u00e9tal ravag\u00e9s par le feu en un mois<\/a><\/h3>\n<hr>\n<p>Le responsable a relev\u00e9 qu&rsquo;il n y avait \u00ab\u00a0aucune perte en vies humaines, consid\u00e9rant la pr\u00e9sence de nombreuses habitations dans le p\u00e9rim\u00e8tre de cette for\u00eat\u00a0\u00bb.<\/p>\n<p>L\u2019extinction de cet incendie, rendue tr\u00e8s difficile \u00e0 cause de vents forts enregistr\u00e9s dans la r\u00e9gion, dans la nuit de samedi, a \u00e9t\u00e9 rendue possible gr\u00e2ce \u00e0 la mobilisation de 36 agents de la protection civile (de diff\u00e9rents grades) soutenus pas une dizaine de v\u00e9hicules, dont sept camions anti- incendies, outre un v\u00e9hicule de communication et de coordination, a-t-on soulign\u00e9 de m\u00eame source.<\/p>\n<p>Les services de la protection civile de la wilaya ont r\u00e9it\u00e9r\u00e9, \u00e0 l\u2019occasion, leur appel \u00e0 la vigilance, tout en appelant les citoyens \u00e0 signaler imm\u00e9diatement tout d\u00e9part d\u2019incendie, en veillant \u00e0 \u00e9viter tout<\/p>\n<p>geste susceptible d\u2019\u00eatre \u00e0 l\u2019origine de ce type de catastrophes naturelles, constituant une menace pour leur vie et leur environnement.<\/p>\n<\/div>\n<\/div>\n<p>Auteur:<br \/>\n<a href=\"http:\/\/www.aps.dz\/regions\/91547-chlef-24-ha-de-forets-ravages-par-les-flammes-a-oued-fodda\">Cliquez ici pour lire l&rsquo;article depuis sa source.<\/a><\/p>\n","protected":false},"excerpt":{"rendered":"<p>CHLEF- Une superficie de pr\u00e8s de 24 ha de la for\u00eat Tamoulda, du lieu dit \u00ab\u00a0Mdjamaia\u00a0\u00bb de la commune de l\u2019Oued Fodda de Chlef, a \u00e9t\u00e9 ravag\u00e9e par les flammes samedi soir, a-t-on appris, dimanche, aupr\u00e8s des services de la protection civile de la wilaya. \u00ab\u00a0Un incendie s\u2019est d\u00e9clar\u00e9 samedi au niveau de la for\u00eat [&hellip;]<\/p>\n","protected":false},"author":1790,"featured_media":44852,"comment_status":"closed","ping_status":"closed","sticky":false,"template":"","format":"standard","meta":{"fifu_image_url":"","fifu_image_alt":"","footnotes":""},"categories":[53,76],"tags":[],"class_list":["post-44851","post","type-post","status-publish","format-standard","has-post-thumbnail","hentry","category-algerie","category-regions"],"_links":{"self":[{"href":"https:\/\/linitiative.ca\/International\/wp-json\/wp\/v2\/posts\/44851","targetHints":{"allow":["GET"]}}],"collection":[{"href":"https:\/\/linitiative.ca\/International\/wp-json\/wp\/v2\/posts"}],"about":[{"href":"https:\/\/linitiative.ca\/International\/wp-json\/wp\/v2\/types\/post"}],"author":[{"embeddable":true,"href":"https:\/\/linitiative.ca\/International\/wp-json\/wp\/v2\/users\/1790"}],"replies":[{"embeddable":true,"href":"https:\/\/linitiative.ca\/International\/wp-json\/wp\/v2\/comments?post=44851"}],"version-history":[{"count":0,"href":"https:\/\/linitiative.ca\/International\/wp-json\/wp\/v2\/posts\/44851\/revisions"}],"wp:featuredmedia":[{"embeddable":true,"href":"https:\/\/linitiative.ca\/International\/wp-json\/"}],"wp:attachment":[{"href":"https:\/\/linitiative.ca\/International\/wp-json\/wp\/v2\/media?parent=44851"}],"wp:term":[{"taxonomy":"category","embeddable":true,"href":"https:\/\/linitiative.ca\/International\/wp-json\/wp\/v2\/categories?post=44851"},{"taxonomy":"post_tag","embeddable":true,"href":"https:\/\/linitiative.ca\/International\/wp-json\/wp\/v2\/tags?post=44851"}],"curies":[{"name":"wp","href":"https:\/\/api.w.org\/{rel}","templated":true}]}}