{"id":44855,"date":"2019-07-07T09:17:57","date_gmt":"2019-07-07T13:17:57","guid":{"rendered":"https:\/\/linitiative.ca\/International\/remise-de-bus-de-transport-scolaire-a-des-communes-rurales\/"},"modified":"2019-07-07T09:17:57","modified_gmt":"2019-07-07T13:17:57","slug":"remise-de-bus-de-transport-scolaire-a-des-communes-rurales","status":"publish","type":"post","link":"https:\/\/linitiative.ca\/International\/remise-de-bus-de-transport-scolaire-a-des-communes-rurales\/","title":{"rendered":"Remise de bus de transport scolaire \u00e0 des communes rurales"},"content":{"rendered":"<div readability=\"35\">\n<p>Huit bus de transport scolaire ont \u00e9t\u00e9 remis, vendredi au si\u00e8ge de la Wilaya de l\u2019Oriental, \u00e0 des communes rurales relevant de la pr\u00e9fecture d\u2019Oujda-Angad.<\/p>\n<\/div>\n<div readability=\"74\">\n<p>Les bus scolaires, remis par la wali de la r\u00e9gion de l\u2019Oriental et gouverneur de la pr\u00e9fecture d\u2019Oujda-Angad, Mouad El Jamai, en pr\u00e9sence du directeur de l\u2019Acad\u00e9mie r\u00e9gionale de la formation et de l\u2019\u00e9ducation, d\u2019\u00e9lus et de chefs de services ext\u00e9rieurs, ont n\u00e9cessit\u00e9 un investissement de l\u2019ordre de 2,9 millions de dirhams (MDH) dont une contribution de l\u2019Initiative nationale pour le d\u00e9veloppement humain (INDH) de l\u2019ordre de 1,48 MDH.<\/p>\n<p>Selon un communiqu\u00e9 de la Wilaya de l\u2019Oriental, cette op\u00e9ration, qui s\u2019inscrit dans le cadre du Programme de r\u00e9duction des disparit\u00e9s territoriales et sociales en milieu rural, traduit l\u2019importance accord\u00e9e par les autorit\u00e9s provinciales \u00e0 la promotion du secteur de l\u2019\u00e9ducation en milieu rural, au d\u00e9senclavement de la population rurale, au renforcement des services sociaux de base, \u00e0 la lutte contre la d\u00e9perdition scolaire et la promotion de la scolarit\u00e9 notamment des filles.<\/p>\n<p>S\u2019exprimant \u00e0 cette occasion, M. El Jamai a indiqu\u00e9 que les bus remis aux communes concern\u00e9es demeurent pourtant insuffisants eu \u00e9gard au grand d\u00e9ficit enregistr\u00e9 en la mati\u00e8re, faisant savoir que d\u2019autres programmes verront bient\u00f4t le jour afin de surmonter ce d\u00e9ficit et de permettre aux \u00e9l\u00e8ves du monde rural de poursuivre leurs \u00e9tudes dans de bonnes conditions.<\/p>\n<p>Le Wali a, par ailleurs, appel\u00e9 les pr\u00e9sidents des communes territoriales concern\u00e9es \u00e0 assurer la p\u00e9rennit\u00e9 et la maintenance des moyens de transports distribu\u00e9s.<\/p>\n<p>Il a aussi salu\u00e9 les efforts d\u00e9ploy\u00e9s par les responsables du secteur de l\u2019\u00e9ducation au niveau de la r\u00e9gion, ainsi que les diff\u00e9rents directeurs des \u00e9tablissements scolaires pour r\u00e9ussir les \u00e9ch\u00e9ances scolaires, notant que cette mobilisation \u00e0 permis \u00e0 la r\u00e9gion de l\u2019Oriental d\u2019enregistrer, pour la quatri\u00e8me ann\u00e9e de suite, le plus fort taux de r\u00e9ussite aux examens du baccalaur\u00e9at au niveau national.<\/p>\n<\/div>\n<p>Auteur: Soufiane ELAHMAR<br \/>\n<a href=\"http:\/\/www.mapoujda.ma\/fr\/remise-de-bus-de-transport-scolaire-a-des-communes-rurales\/\">Cliquez ici pour lire l&rsquo;article depuis sa source.<\/a><\/p>\n","protected":false},"excerpt":{"rendered":"<p>Huit bus de transport scolaire ont \u00e9t\u00e9 remis, vendredi au si\u00e8ge de la Wilaya de l\u2019Oriental, \u00e0 des communes rurales relevant de la pr\u00e9fecture d\u2019Oujda-Angad. Les bus scolaires, remis par la wali de la r\u00e9gion de l\u2019Oriental et gouverneur de la pr\u00e9fecture d\u2019Oujda-Angad, Mouad El Jamai, en pr\u00e9sence du directeur de l\u2019Acad\u00e9mie r\u00e9gionale de la [&hellip;]<\/p>\n","protected":false},"author":1788,"featured_media":0,"comment_status":"closed","ping_status":"closed","sticky":false,"template":"","format":"standard","meta":{"fifu_image_url":"","fifu_image_alt":"","footnotes":""},"categories":[54,76],"tags":[],"class_list":["post-44855","post","type-post","status-publish","format-standard","hentry","category-maroc","category-regions"],"_links":{"self":[{"href":"https:\/\/linitiative.ca\/International\/wp-json\/wp\/v2\/posts\/44855","targetHints":{"allow":["GET"]}}],"collection":[{"href":"https:\/\/linitiative.ca\/International\/wp-json\/wp\/v2\/posts"}],"about":[{"href":"https:\/\/linitiative.ca\/International\/wp-json\/wp\/v2\/types\/post"}],"author":[{"embeddable":true,"href":"https:\/\/linitiative.ca\/International\/wp-json\/wp\/v2\/users\/1788"}],"replies":[{"embeddable":true,"href":"https:\/\/linitiative.ca\/International\/wp-json\/wp\/v2\/comments?post=44855"}],"version-history":[{"count":0,"href":"https:\/\/linitiative.ca\/International\/wp-json\/wp\/v2\/posts\/44855\/revisions"}],"wp:attachment":[{"href":"https:\/\/linitiative.ca\/International\/wp-json\/wp\/v2\/media?parent=44855"}],"wp:term":[{"taxonomy":"category","embeddable":true,"href":"https:\/\/linitiative.ca\/International\/wp-json\/wp\/v2\/categories?post=44855"},{"taxonomy":"post_tag","embeddable":true,"href":"https:\/\/linitiative.ca\/International\/wp-json\/wp\/v2\/tags?post=44855"}],"curies":[{"name":"wp","href":"https:\/\/api.w.org\/{rel}","templated":true}]}}