{"id":44860,"date":"2019-07-07T15:14:26","date_gmt":"2019-07-07T19:14:26","guid":{"rendered":"https:\/\/linitiative.ca\/International\/ligue-1-2-mca-le-mouloudia-se-deplacera-aujourdhui-en-tunisie\/"},"modified":"2019-07-07T15:14:26","modified_gmt":"2019-07-07T19:14:26","slug":"ligue-1-2-mca-le-mouloudia-se-deplacera-aujourdhui-en-tunisie","status":"publish","type":"post","link":"https:\/\/linitiative.ca\/International\/ligue-1-2-mca-le-mouloudia-se-deplacera-aujourdhui-en-tunisie\/","title":{"rendered":"Ligue 1 &amp; 2 : MCA : Le Mouloudia se d\u00e9placera aujourd\u2019hui en Tunisie"},"content":{"rendered":"<div readability=\"32\">\n<p>Auteur : <span>K.M<\/span> <span class=\"time\">dimanche 07 juillet 2019 12:56<\/span><\/p>\n<\/div>\n<div id=\"post_core\" readability=\"55\">\n<p>Apr\u00e8s trois jours de travail, le Mouloudia entamera aujourd\u2019hui son premier stage de pr\u00e9paration en Tunisie, pr\u00e9cis\u00e9ment \u00e0 la ville frontali\u00e8re de Ain Draham qui sera consacr\u00e9 en grande partie au travail physique. Ce stage de courte dur\u00e9e d\u00e9butera aujourd\u2019hui et s\u2019ach\u00e8vera le 14 juillet. L\u2019\u00e9quipe continuera \u00e0 se pr\u00e9parer au stade du 5-Juillet et Ain Benian, avant de s\u2019envoler \u00e0 destination de Lubin en Pologne, pour le second stage d\u2019intersaison \u00e0 travers lequel le staff technique mettra l\u2019accent sur le volet tactique et le Mouloudia jouera au moins trois matchs amicaux face \u00e0 des \u00e9quipes de l\u2019\u00e9lite polonaise.\u00a0\u00a0\u00a0 \u00a0<br \/><strong>Bouiche sera le chef d\u2019une d\u00e9l\u00e9gation de 35 personnes<\/strong><br \/>Pour ce stage de Ain Draham, la d\u00e9l\u00e9gation compos\u00e9e de 35 personnes, dont vingt-deux joueurs, sera conduite par Nacer Bouiche. Le seul \u00e9l\u00e9ment qui manquera \u00e0 l\u2019appel sera le Camerounais Wankewai, du fait qu\u2019il s\u2019est d\u00e9plac\u00e9 en Gr\u00e8ce pour ramener ses affaires. Ce dernier ralliera directement l\u2019\u00e9quipe en Tunisie pour se pr\u00e9parer avec le groupe, o\u00f9 il est attendu au plus tard ce mardi.<br \/><strong>L\u2019\u00e9quipe se d\u00e9placera par avion \u00e0 Annaba<\/strong><br \/>Pour ce qui est de ce premier d\u00e9placement, la d\u00e9l\u00e9gation du vieux club alg\u00e9rois s\u2019envolera aujourd\u2019hui \u00e0 15h30 \u00e0 destination de Annaba, avant de rallier Ain Draham par route, en parcourant une distance de 120 km. La direction du club a d\u00e9j\u00e0 d\u00e9p\u00each\u00e9 le bus du club qui sera \u00e0 l\u2019attente de l\u2019\u00e9quipe. De m\u00eame que toutes les mesures n\u00e9cessaires ont \u00e9t\u00e9 prises pour que la d\u00e9l\u00e9gation puisse accomplir les formalit\u00e9s d\u2019usage au niveau des fronti\u00e8res dans les meilleures conditions.<br \/><strong>Le Mouloudia pourra affronter le Club Africain le 13 juillet<\/strong><br \/>Toutefois et bien que ce stage soit consacr\u00e9 en grande partie au travail physique, le staff technique se penchera aussi sur le volet tactique et c\u2019est la raison pour laquelle il sera boucl\u00e9 par une rencontre amicale le 13 juillet prochain, soit la veille du retour de l\u2019\u00e9quipe \u00e0 Alger. Selon une source digne de foi, l\u2019adversaire ne serait autre que le Club Africain, une rencontre qui permettra \u00e0 Casoni d\u2019\u00e9valuer le travail r\u00e9alis\u00e9 durant cette premi\u00e8re partie de la pr\u00e9paration.<br \/><strong>Casoni : \u00ab On doit r\u00e9ussir ce stage en \u00e9tant disciplin\u00e9 \u00bb<\/strong><br \/>Samedi matin et lors du discours qu\u2019il a tenu \u00e0 ses joueurs, Casoni a insist\u00e9 sur la n\u00e9cessit\u00e9 de r\u00e9aliser du bon travail en Tunisie et aurait dit aux co\u00e9quipiers de Hachoud : \u00ab On doit r\u00e9aliser du bon travail et je suis persuad\u00e9 que vous \u00eates anim\u00e9s d\u2019une grande volont\u00e9 pour r\u00e9ussir une bonne saison. Seulement, je ne badine pas avec la discipline qui est un \u00e9l\u00e9ment incontournable pour atteindre l\u2019objectif trac\u00e9 durant ce stage \u00bb.\u00a0<\/p>\n<p><strong>Publi\u00e9 dans :<\/strong> <span>mca<\/span> <span>tunisie<\/span> <span>Casoni<\/span><\/p>\n<\/div>\n<p>Auteur:<br \/>\n<a href=\"http:\/\/www.lebuteur.com\/article\/detail?titre=mca-le-mouloudia-se-deplacera-aujourdhui-en-tunisie&#038;id=90132&#038;utm_source=feedburner&#038;utm_medium=feed&#038;utm_campaign=Feed%3A+GalerieFArtciles+%28Les+derniers+articles++-+lebuteur.com%29\">Cliquez ici pour lire l&rsquo;article depuis sa source.<\/a><\/p>\n","protected":false},"excerpt":{"rendered":"<p>Auteur : K.M dimanche 07 juillet 2019 12:56 Apr\u00e8s trois jours de travail, le Mouloudia entamera aujourd\u2019hui son premier stage de pr\u00e9paration en Tunisie, pr\u00e9cis\u00e9ment \u00e0 la ville frontali\u00e8re de Ain Draham qui sera consacr\u00e9 en grande partie au travail physique. Ce stage de courte dur\u00e9e d\u00e9butera aujourd\u2019hui et s\u2019ach\u00e8vera le 14 juillet. L\u2019\u00e9quipe continuera [&hellip;]<\/p>\n","protected":false},"author":1738,"featured_media":44861,"comment_status":"closed","ping_status":"closed","sticky":false,"template":"","format":"standard","meta":{"fifu_image_url":"","fifu_image_alt":"","footnotes":""},"categories":[53,75],"tags":[],"class_list":["post-44860","post","type-post","status-publish","format-standard","has-post-thumbnail","hentry","category-algerie","category-sport"],"_links":{"self":[{"href":"https:\/\/linitiative.ca\/International\/wp-json\/wp\/v2\/posts\/44860","targetHints":{"allow":["GET"]}}],"collection":[{"href":"https:\/\/linitiative.ca\/International\/wp-json\/wp\/v2\/posts"}],"about":[{"href":"https:\/\/linitiative.ca\/International\/wp-json\/wp\/v2\/types\/post"}],"author":[{"embeddable":true,"href":"https:\/\/linitiative.ca\/International\/wp-json\/wp\/v2\/users\/1738"}],"replies":[{"embeddable":true,"href":"https:\/\/linitiative.ca\/International\/wp-json\/wp\/v2\/comments?post=44860"}],"version-history":[{"count":0,"href":"https:\/\/linitiative.ca\/International\/wp-json\/wp\/v2\/posts\/44860\/revisions"}],"wp:featuredmedia":[{"embeddable":true,"href":"https:\/\/linitiative.ca\/International\/wp-json\/"}],"wp:attachment":[{"href":"https:\/\/linitiative.ca\/International\/wp-json\/wp\/v2\/media?parent=44860"}],"wp:term":[{"taxonomy":"category","embeddable":true,"href":"https:\/\/linitiative.ca\/International\/wp-json\/wp\/v2\/categories?post=44860"},{"taxonomy":"post_tag","embeddable":true,"href":"https:\/\/linitiative.ca\/International\/wp-json\/wp\/v2\/tags?post=44860"}],"curies":[{"name":"wp","href":"https:\/\/api.w.org\/{rel}","templated":true}]}}