{"id":44862,"date":"2019-07-07T15:14:28","date_gmt":"2019-07-07T19:14:28","guid":{"rendered":"https:\/\/linitiative.ca\/International\/ligue-1-2-usma-belkaroui-determine-a-recuperer-ses-papiers\/"},"modified":"2019-07-07T15:14:28","modified_gmt":"2019-07-07T19:14:28","slug":"ligue-1-2-usma-belkaroui-determine-a-recuperer-ses-papiers","status":"publish","type":"post","link":"https:\/\/linitiative.ca\/International\/ligue-1-2-usma-belkaroui-determine-a-recuperer-ses-papiers\/","title":{"rendered":"Ligue 1 &amp; 2 : USMA : Belkaroui d\u00e9termin\u00e9 \u00e0 r\u00e9cup\u00e9rer ses papiers"},"content":{"rendered":"<div readability=\"32\">\n<p>Auteur : <span>M. Z.<\/span> <span class=\"time\">dimanche 07 juillet 2019 12:56<\/span><\/p>\n<\/div>\n<div id=\"post_core\" readability=\"85\">\n<p>Vendredi soir, le d\u00e9fenseur et ex-international Hichem Belkaroui a achev\u00e9 les n\u00e9gociations avec la direction de l\u2019USMA, apr\u00e8s pr\u00e8s de deux semaines de consultation avec son manager Merabet et les Usmistes. Apr\u00e8s avoir tout conclu, il reste que l\u2019ancien joueur du Club Africain doit apposer sa signature au bas du contrat, la semaine en cours. Du coup, on peut avancer que les gars de Soustara ont pu convaincre l\u2019ex-Harrachi d\u2019opter pour leur \u00e9quipe, puisqu\u2019il ne reste que la signature pour appartenir officiellement \u00e0 l\u2019USMA.<\/p>\n<p><strong>Il a ralli\u00e9 Oran jeudi soir\u2026<\/strong><br \/>Pour sa part, Hichem Belkaroui s\u2019est d\u00e9plac\u00e9 de Tunis vers Alger, puis vers sa ville natale Oran jeudi, qu\u2019il a pu atteindre jeudi soir en compagnie de sa petite famille, apr\u00e8s avoir pass\u00e9 ses vacances. Un autre indice qui montre si besoin est que l\u2019ancien Harrachi jouera en Alg\u00e9rie, \u00e0 l\u2019USMA.<\/p>\n<p><strong>\u2026 puis Alger pour n\u00e9gocier<\/strong><br \/>Apr\u00e8s avoir pass\u00e9 la nuit du jeudi \u00e0 vendredi chez lui \u00e0 Oran, Belkaroui a ensuite pris la route vers Alger vendredi apr\u00e8s-midi, pour y \u00eatre durant la soir\u00e9e du m\u00eame jour, et a vite ralli\u00e9 le stade Bologhine pour poursuivre les pourparlers avec les dirigeants des Rouge et Noir. Les deux parties ont poursuivi tardivement leurs n\u00e9gociations, loin des curieux et de la pression de la rue.<\/p>\n<p><strong>\u00c7a a dur\u00e9 jusqu\u2019\u00e0 2 heures du matin<\/strong><br \/>Apr\u00e8s de longues n\u00e9gociations entre le joueur et les dirigeants de l\u2019USMA, les deux parties ont fini par trouver un terrain d\u2019entente, et l\u2019ancien joueur du Club Africain a fini par donner son accord pour jouer chez les \u00e0 l\u2019USMA la saison prochaine. Autrement dit, l\u2019\u00e9quipe de Soustara a fini par s\u2019assurer les services d\u2019un joueur tr\u00e8s exp\u00e9riment\u00e9 qui aura certainement son poids dans le club, pour effectuer un bon chemin en Ligue des champions d\u2019Afrique.<\/p>\n<p><strong>Il se rendra en Arabie Saoudite aujourd\u2019hui pour n\u00e9gocier son d\u00e9part<\/strong><br \/>Comme l\u2019ancien international est toujours li\u00e9 pour une autre saison avec le Raed d\u2019Arabie Saoudite, il se rendra aujourd\u2019hui dans le royaume wahhabite pour entamer les n\u00e9gociations avec ses dirigeants et trouver un terrain d\u2019entente pour sa lib\u00e9ration vers l\u2019Alg\u00e9rie. Il sera question pour le joueur de demander une r\u00e9siliation de contrat pour revenir au pays, ce que le joueur et les Usmistes esp\u00e8rent.<\/p>\n<p><strong>Il signera lundi ou mardi<\/strong><br \/>Si les choses avancent comme l\u2019avaient pr\u00e9vu le joueur et les Usmsites, ce dernier devra signer son contrat avec les Rouge et Noir lundi ou au plus tard mardi prochain, en possession de ses papiers. C\u2019est du moins ce qu\u2019esp\u00e8rent les deux parties pour terminer une fois pour toutes la venue de Belkaroui \u00e0 Bologhine.<\/p>\n<p><strong>Publi\u00e9 dans :<\/strong> <span>USMA<\/span> <span>Belkaroui<\/span><\/p>\n<\/div>\n<p>Auteur:<br \/>\n<a href=\"http:\/\/www.lebuteur.com\/article\/detail?titre=usma-belkaroui-determine-a-recuperer-ses-papiers&#038;id=90131&#038;utm_source=feedburner&#038;utm_medium=feed&#038;utm_campaign=Feed%3A+GalerieFArtciles+%28Les+derniers+articles++-+lebuteur.com%29\">Cliquez ici pour lire l&rsquo;article depuis sa source.<\/a><\/p>\n","protected":false},"excerpt":{"rendered":"<p>Auteur : M. Z. dimanche 07 juillet 2019 12:56 Vendredi soir, le d\u00e9fenseur et ex-international Hichem Belkaroui a achev\u00e9 les n\u00e9gociations avec la direction de l\u2019USMA, apr\u00e8s pr\u00e8s de deux semaines de consultation avec son manager Merabet et les Usmistes. Apr\u00e8s avoir tout conclu, il reste que l\u2019ancien joueur du Club Africain doit apposer sa [&hellip;]<\/p>\n","protected":false},"author":1738,"featured_media":44863,"comment_status":"closed","ping_status":"closed","sticky":false,"template":"","format":"standard","meta":{"fifu_image_url":"","fifu_image_alt":"","footnotes":""},"categories":[53,75],"tags":[],"class_list":["post-44862","post","type-post","status-publish","format-standard","has-post-thumbnail","hentry","category-algerie","category-sport"],"_links":{"self":[{"href":"https:\/\/linitiative.ca\/International\/wp-json\/wp\/v2\/posts\/44862","targetHints":{"allow":["GET"]}}],"collection":[{"href":"https:\/\/linitiative.ca\/International\/wp-json\/wp\/v2\/posts"}],"about":[{"href":"https:\/\/linitiative.ca\/International\/wp-json\/wp\/v2\/types\/post"}],"author":[{"embeddable":true,"href":"https:\/\/linitiative.ca\/International\/wp-json\/wp\/v2\/users\/1738"}],"replies":[{"embeddable":true,"href":"https:\/\/linitiative.ca\/International\/wp-json\/wp\/v2\/comments?post=44862"}],"version-history":[{"count":0,"href":"https:\/\/linitiative.ca\/International\/wp-json\/wp\/v2\/posts\/44862\/revisions"}],"wp:featuredmedia":[{"embeddable":true,"href":"https:\/\/linitiative.ca\/International\/wp-json\/"}],"wp:attachment":[{"href":"https:\/\/linitiative.ca\/International\/wp-json\/wp\/v2\/media?parent=44862"}],"wp:term":[{"taxonomy":"category","embeddable":true,"href":"https:\/\/linitiative.ca\/International\/wp-json\/wp\/v2\/categories?post=44862"},{"taxonomy":"post_tag","embeddable":true,"href":"https:\/\/linitiative.ca\/International\/wp-json\/wp\/v2\/tags?post=44862"}],"curies":[{"name":"wp","href":"https:\/\/api.w.org\/{rel}","templated":true}]}}