{"id":44868,"date":"2019-07-07T15:14:31","date_gmt":"2019-07-07T19:14:31","guid":{"rendered":"https:\/\/linitiative.ca\/International\/international-le-napoli-aurait-pris-sa-decision-pour-adam-ounas\/"},"modified":"2019-07-07T15:14:31","modified_gmt":"2019-07-07T19:14:31","slug":"international-le-napoli-aurait-pris-sa-decision-pour-adam-ounas","status":"publish","type":"post","link":"https:\/\/linitiative.ca\/International\/international-le-napoli-aurait-pris-sa-decision-pour-adam-ounas\/","title":{"rendered":"International : Le Napoli aurait pris sa d\u00e9cision pour Adam Ounas"},"content":{"rendered":"<div readability=\"32\">\n<p>Auteur : <span class=\"time\">dimanche 07 juillet 2019 13:46<\/span><\/p>\n<\/div>\n<div id=\"post_core\" readability=\"36\">\n<p>Et \u00e0 en croire certaines sources proches du club, les dirigeants napolitains ne seraient pas chaud pour conserver Ounas qui ne jouit pas de la pleine confiance du coach Carlo Ancelotti. La direction napolitaine refuse \u00e9galement l&rsquo;envoie en pr\u00eat du joueur et pr\u00e9f\u00e9rerait le vendre avant la fin\u00a0 du mercato estival. La Fiorentina serait actuellement le club le plus int\u00e9ress\u00e9 par le profil de l&rsquo;international alg\u00e9rien qui pourrait obtenir plus d&rsquo;offres si jamais il devait s&rsquo;illustrer dans cette deuxi\u00e8me partie de la Coupe d&rsquo;Afrique des Nations.<\/p>\n<p><strong>Publi\u00e9 dans :<\/strong> <span>Ounas<\/span><\/p>\n<\/div>\n<p>Auteur:<br \/>\n<a href=\"http:\/\/www.lebuteur.com\/article\/detail?titre=le-napoli-aurait-pris-sa-decision-pour-adam-ounas&#038;id=90152&#038;utm_source=feedburner&#038;utm_medium=feed&#038;utm_campaign=Feed%3A+GalerieFArtciles+%28Les+derniers+articles++-+lebuteur.com%29\">Cliquez ici pour lire l&rsquo;article depuis sa source.<\/a><\/p>\n","protected":false},"excerpt":{"rendered":"<p>Auteur : dimanche 07 juillet 2019 13:46 Et \u00e0 en croire certaines sources proches du club, les dirigeants napolitains ne seraient pas chaud pour conserver Ounas qui ne jouit pas de la pleine confiance du coach Carlo Ancelotti. La direction napolitaine refuse \u00e9galement l&rsquo;envoie en pr\u00eat du joueur et pr\u00e9f\u00e9rerait le vendre avant la fin\u00a0 [&hellip;]<\/p>\n","protected":false},"author":1738,"featured_media":44869,"comment_status":"closed","ping_status":"closed","sticky":false,"template":"","format":"standard","meta":{"fifu_image_url":"","fifu_image_alt":"","footnotes":""},"categories":[53,75],"tags":[],"class_list":["post-44868","post","type-post","status-publish","format-standard","has-post-thumbnail","hentry","category-algerie","category-sport"],"_links":{"self":[{"href":"https:\/\/linitiative.ca\/International\/wp-json\/wp\/v2\/posts\/44868","targetHints":{"allow":["GET"]}}],"collection":[{"href":"https:\/\/linitiative.ca\/International\/wp-json\/wp\/v2\/posts"}],"about":[{"href":"https:\/\/linitiative.ca\/International\/wp-json\/wp\/v2\/types\/post"}],"author":[{"embeddable":true,"href":"https:\/\/linitiative.ca\/International\/wp-json\/wp\/v2\/users\/1738"}],"replies":[{"embeddable":true,"href":"https:\/\/linitiative.ca\/International\/wp-json\/wp\/v2\/comments?post=44868"}],"version-history":[{"count":0,"href":"https:\/\/linitiative.ca\/International\/wp-json\/wp\/v2\/posts\/44868\/revisions"}],"wp:featuredmedia":[{"embeddable":true,"href":"https:\/\/linitiative.ca\/International\/wp-json\/"}],"wp:attachment":[{"href":"https:\/\/linitiative.ca\/International\/wp-json\/wp\/v2\/media?parent=44868"}],"wp:term":[{"taxonomy":"category","embeddable":true,"href":"https:\/\/linitiative.ca\/International\/wp-json\/wp\/v2\/categories?post=44868"},{"taxonomy":"post_tag","embeddable":true,"href":"https:\/\/linitiative.ca\/International\/wp-json\/wp\/v2\/tags?post=44868"}],"curies":[{"name":"wp","href":"https:\/\/api.w.org\/{rel}","templated":true}]}}