{"id":44870,"date":"2019-07-07T15:14:33","date_gmt":"2019-07-07T19:14:33","guid":{"rendered":"https:\/\/linitiative.ca\/International\/equipe-dalgerie-les-verts-se-degourdissent-les-jambes-a-quelques-heures-du-match-face-a-la-guinee\/"},"modified":"2019-07-07T15:14:33","modified_gmt":"2019-07-07T19:14:33","slug":"equipe-dalgerie-les-verts-se-degourdissent-les-jambes-a-quelques-heures-du-match-face-a-la-guinee","status":"publish","type":"post","link":"https:\/\/linitiative.ca\/International\/equipe-dalgerie-les-verts-se-degourdissent-les-jambes-a-quelques-heures-du-match-face-a-la-guinee\/","title":{"rendered":"Equipe d&rsquo;Alg\u00e9rie : Les Verts se d\u00e9gourdissent les jambes \u00e0 quelques heures du match face \u00e0 la Guin\u00e9e"},"content":{"rendered":"<div readability=\"32\">\n<p>Auteur : <span class=\"time\">dimanche 07 juillet 2019 14:39<\/span><\/p>\n<\/div>\n<div id=\"post_core\" readability=\"36\">\n<p>Les joueurs ont d&rsquo;abord accompli la pri\u00e8re d&rsquo;Al Dohr avant une marche autour de leur lieu de r\u00e9sidence qui aura dur\u00e9 une vingtaine de minutes comme indiqu\u00e9 sur le site de la FAF.<\/p>\n<p>Les joueurs ont ensuite d\u00e9jeun\u00e9 avant de rejoindre leurs chambres. Le d\u00e9part pour le stade du 30 juin se fera aux environs de 18h30.<\/p>\n<p><img decoding=\"async\" alt=\"\" src=\"http:\/\/www.faf.dz\/wp-content\/uploads\/2019\/07\/IMG_1724-750x430.jpg\" class=\"c1\"\/><\/p>\n<p><img decoding=\"async\" alt=\"\" src=\"http:\/\/www.faf.dz\/wp-content\/uploads\/2019\/07\/IMG_1696-750x430.jpg\" class=\"c1\"\/><\/p>\n<p><strong>Publi\u00e9 dans :<\/strong> <span>algerie<\/span><\/p>\n<\/div>\n<p>Auteur:<br \/>\n<a href=\"http:\/\/www.lebuteur.com\/article\/detail?titre=les-verts-se-degourdissent-les-jambes-a-quelques-heures-du-match-face-a-la-guinee&#038;id=90153&#038;utm_source=feedburner&#038;utm_medium=feed&#038;utm_campaign=Feed%3A+GalerieFArtciles+%28Les+derniers+articles++-+lebuteur.com%29\">Cliquez ici pour lire l&rsquo;article depuis sa source.<\/a><\/p>\n","protected":false},"excerpt":{"rendered":"<p>Auteur : dimanche 07 juillet 2019 14:39 Les joueurs ont d&rsquo;abord accompli la pri\u00e8re d&rsquo;Al Dohr avant une marche autour de leur lieu de r\u00e9sidence qui aura dur\u00e9 une vingtaine de minutes comme indiqu\u00e9 sur le site de la FAF. Les joueurs ont ensuite d\u00e9jeun\u00e9 avant de rejoindre leurs chambres. Le d\u00e9part pour le stade [&hellip;]<\/p>\n","protected":false},"author":1738,"featured_media":44871,"comment_status":"closed","ping_status":"closed","sticky":false,"template":"","format":"standard","meta":{"fifu_image_url":"","fifu_image_alt":"","footnotes":""},"categories":[53,75],"tags":[],"class_list":["post-44870","post","type-post","status-publish","format-standard","has-post-thumbnail","hentry","category-algerie","category-sport"],"_links":{"self":[{"href":"https:\/\/linitiative.ca\/International\/wp-json\/wp\/v2\/posts\/44870","targetHints":{"allow":["GET"]}}],"collection":[{"href":"https:\/\/linitiative.ca\/International\/wp-json\/wp\/v2\/posts"}],"about":[{"href":"https:\/\/linitiative.ca\/International\/wp-json\/wp\/v2\/types\/post"}],"author":[{"embeddable":true,"href":"https:\/\/linitiative.ca\/International\/wp-json\/wp\/v2\/users\/1738"}],"replies":[{"embeddable":true,"href":"https:\/\/linitiative.ca\/International\/wp-json\/wp\/v2\/comments?post=44870"}],"version-history":[{"count":0,"href":"https:\/\/linitiative.ca\/International\/wp-json\/wp\/v2\/posts\/44870\/revisions"}],"wp:featuredmedia":[{"embeddable":true,"href":"https:\/\/linitiative.ca\/International\/wp-json\/"}],"wp:attachment":[{"href":"https:\/\/linitiative.ca\/International\/wp-json\/wp\/v2\/media?parent=44870"}],"wp:term":[{"taxonomy":"category","embeddable":true,"href":"https:\/\/linitiative.ca\/International\/wp-json\/wp\/v2\/categories?post=44870"},{"taxonomy":"post_tag","embeddable":true,"href":"https:\/\/linitiative.ca\/International\/wp-json\/wp\/v2\/tags?post=44870"}],"curies":[{"name":"wp","href":"https:\/\/api.w.org\/{rel}","templated":true}]}}