{"id":44877,"date":"2019-07-06T19:00:00","date_gmt":"2019-07-06T23:00:00","guid":{"rendered":"https:\/\/linitiative.ca\/International\/mouvement-el-islah-reunir-tous-les-acteurs\/"},"modified":"2019-07-06T19:00:00","modified_gmt":"2019-07-06T23:00:00","slug":"mouvement-el-islah-reunir-tous-les-acteurs","status":"publish","type":"post","link":"https:\/\/linitiative.ca\/International\/mouvement-el-islah-reunir-tous-les-acteurs\/","title":{"rendered":"Mouvement El-Islah  : R\u00e9unir tous les acteurs"},"content":{"rendered":"<p>Le pr\u00e9sident du Mouvement El Islah, Filali Ghouini, a donn\u00e9, hier, son accord de principe quant \u00e0 la participation de son parti au dialogue auquel a appel\u00e9 le chef de l&rsquo;Etat, Abdelkader Bensalah.<br \/>S&rsquo;exprimant \u00e0 l&rsquo;ouverture de la r\u00e9union du Conseil de la Choura, M. Ghouini a affirm\u00e9 que \u00able Mouvement El Islah salue l&rsquo;appel au dialogue lanc\u00e9 par le chef de l&rsquo;Etat\u00bb, annon\u00e7ant, dans ce sens, \u00abl&rsquo;accord de principe de son parti quant \u00e0 la participation \u00e0 ce dialogue et \u00e0 tout autre dialogue s\u00e9rieux et responsable\u00bb.\u00a0 Il a \u00e9galement, appel\u00e9 \u00e0 ce que ce dialogue \u00abpuisse r\u00e9unir tous les acteurs sur la sc\u00e8ne nationale et tenir compte des diff\u00e9rents repr\u00e9sentants et initiatives issus du mouvement populaire sans exclusion ni marginalisation aucune\u00bb.\u00a0 Par ailleurs, le pr\u00e9sident du Mouvement El Islah a propos\u00e9 que ce dialogue \u00abconcilie les dispositions de la Constitution et les solutions politiques dont les mesures sont puis\u00e9es de la loi fondamentale du pays\u00bb afin de parvenir \u00e0 la mise en place d&rsquo;\u00abune feuille de route correcte et s\u00fbre menant \u00e0 l&rsquo;organisation d&rsquo;une pr\u00e9sidentielle dans les plus brefs d\u00e9lais\u00bb.\u00a0 Il a insist\u00e9 sur le fait que la prochaine pr\u00e9sidentielle \u00abdoit assurer une large participation politique et populaire qui permettra l&rsquo;\u00e9lection d&rsquo;un nouveau pr\u00e9sident pl\u00e9biscit\u00e9 par une force populaire et politique \u00e0 m\u00eame de lui permettre de poursuivre l&rsquo;approfondissement des r\u00e9formes en vue de r\u00e9aliser les revendications l\u00e9gitimes du peuple\u00bb.<br \/>\u00a0S&rsquo;agissant de la lutte contre la corruption, M. Ghouini a r\u00e9it\u00e9r\u00e9 la position du parti appelant \u00e0 l&rsquo;\u00abimp\u00e9ratif de traiter tous ces dossiers avec responsabilit\u00e9 et loin de toute pression\u00bb, soulignant l&rsquo;imp\u00e9ratif pour la Justice de prendre en consid\u00e9ration, les rapports de la Cour des comptes en vue de suivre la gestion de l&rsquo;argent public et d&rsquo;\u0153uvrer \u00e0 la restitution des deniers publics et des biens d\u00e9tourn\u00e9s\u00bb.<br \/>\u00a0<\/p>\n<p>Auteur: elmoudjahid<br \/>\n<a href=\"http:\/\/www.elmoudjahid.com\/fr\/actualites\/138999\">Cliquez ici pour lire l&rsquo;article depuis sa source.<\/a><\/p>\n","protected":false},"excerpt":{"rendered":"<p>Le pr\u00e9sident du Mouvement El Islah, Filali Ghouini, a donn\u00e9, hier, son accord de principe quant \u00e0 la participation de son parti au dialogue auquel a appel\u00e9 le chef de l&rsquo;Etat, Abdelkader Bensalah.S&rsquo;exprimant \u00e0 l&rsquo;ouverture de la r\u00e9union du Conseil de la Choura, M. Ghouini a affirm\u00e9 que \u00able Mouvement El Islah salue l&rsquo;appel au [&hellip;]<\/p>\n","protected":false},"author":1744,"featured_media":0,"comment_status":"closed","ping_status":"closed","sticky":false,"template":"","format":"standard","meta":{"fifu_image_url":"","fifu_image_alt":"","footnotes":""},"categories":[73,53],"tags":[],"class_list":["post-44877","post","type-post","status-publish","format-standard","hentry","category-actualite","category-algerie"],"_links":{"self":[{"href":"https:\/\/linitiative.ca\/International\/wp-json\/wp\/v2\/posts\/44877","targetHints":{"allow":["GET"]}}],"collection":[{"href":"https:\/\/linitiative.ca\/International\/wp-json\/wp\/v2\/posts"}],"about":[{"href":"https:\/\/linitiative.ca\/International\/wp-json\/wp\/v2\/types\/post"}],"author":[{"embeddable":true,"href":"https:\/\/linitiative.ca\/International\/wp-json\/wp\/v2\/users\/1744"}],"replies":[{"embeddable":true,"href":"https:\/\/linitiative.ca\/International\/wp-json\/wp\/v2\/comments?post=44877"}],"version-history":[{"count":0,"href":"https:\/\/linitiative.ca\/International\/wp-json\/wp\/v2\/posts\/44877\/revisions"}],"wp:attachment":[{"href":"https:\/\/linitiative.ca\/International\/wp-json\/wp\/v2\/media?parent=44877"}],"wp:term":[{"taxonomy":"category","embeddable":true,"href":"https:\/\/linitiative.ca\/International\/wp-json\/wp\/v2\/categories?post=44877"},{"taxonomy":"post_tag","embeddable":true,"href":"https:\/\/linitiative.ca\/International\/wp-json\/wp\/v2\/tags?post=44877"}],"curies":[{"name":"wp","href":"https:\/\/api.w.org\/{rel}","templated":true}]}}