{"id":44879,"date":"2019-07-06T19:00:00","date_gmt":"2019-07-06T23:00:00","guid":{"rendered":"https:\/\/linitiative.ca\/International\/m-gaid-salah-preside-une-ceremonie-au-cercle-national-de-larmee-de-hauts-cadres-de-larmee-et-personnalites-nationales-honores\/"},"modified":"2019-07-06T19:00:00","modified_gmt":"2019-07-06T23:00:00","slug":"m-gaid-salah-preside-une-ceremonie-au-cercle-national-de-larmee-de-hauts-cadres-de-larmee-et-personnalites-nationales-honores","status":"publish","type":"post","link":"https:\/\/linitiative.ca\/International\/m-gaid-salah-preside-une-ceremonie-au-cercle-national-de-larmee-de-hauts-cadres-de-larmee-et-personnalites-nationales-honores\/","title":{"rendered":"M. Ga\u00efd Salah pr\u00e9side une c\u00e9r\u00e9monie au cercle National de l\u2019arm\u00e9e : de Hauts cadres de l\u2019Arm\u00e9e et personnalit\u00e9s nationales honor\u00e9s"},"content":{"rendered":"<p>Le g\u00e9n\u00e9ral de corps d&rsquo;Arm\u00e9e, Ahmed Ga\u00efd Salah, vice-ministre de la D\u00e9fense nationale et chef d&rsquo;\u00e9tat-major de l&rsquo;Arm\u00e9e nationale populaire (ANP) a pr\u00e9sid\u00e9 dans la soir\u00e9e du vendredi au samedi, au Cercle national de l&rsquo;Arm\u00e9e \u00e0 Beni Messous, une c\u00e9r\u00e9monie d&rsquo;\u00e9change de v\u0153ux en l&rsquo;honneur de hauts cadres de l&rsquo;Arm\u00e9e, en activit\u00e9 et \u00e0 la retraite, et de personnalit\u00e9s nationales. Cette c\u00e9r\u00e9monie a comm\u00e9mor\u00e9 le 57e anniversaire de la f\u00eate de l&rsquo;Ind\u00e9pendance et du recouvrement de la Souverainet\u00e9 nationale et a rendu \u00abhommage \u00e0 nos vaillants martyrs, qui se sont sacrifi\u00e9s pour une Alg\u00e9rie libre et ind\u00e9pendante\u00bb, souligne un communiqu\u00e9 du minist\u00e8re de la D\u00e9fense nationale transmis \u00e0 l&rsquo;APS. Cette c\u00e9r\u00e9monie, qui s&rsquo;inscrit \u00e9galement \u00abdans le cadre des grandes traditions de l&rsquo;ANP quant \u00e0 la valorisation des dates phare de notre Glorieuse histoire\u00bb, a eu lieu \u00aben pr\u00e9sence de hauts responsables de l&rsquo;Etat et Moudjahidine\u00bb, ajoute le communiqu\u00e9. A cette occasion, l&rsquo;assistance a \u00e9cout\u00e9 l&rsquo;hymne national interpr\u00e9t\u00e9 par une troupe musicale de la Garde r\u00e9publicaine. Un film documentaire, intitul\u00e9 \u00abArm\u00e9e nationale populaire, parcours de la fid\u00e9lit\u00e9 et de la d\u00e9termination\u00bb, a ensuite \u00e9t\u00e9 visionn\u00e9 par l&rsquo;assistance, selon la m\u00eame source. La c\u00e9r\u00e9monie a \u00e9t\u00e9 cl\u00f4tur\u00e9e par un magnifique spectacle pyrotechnique.<br \/>\u00a0<\/p>\n<p>Auteur: elmoudjahid<br \/>\n<a href=\"http:\/\/www.elmoudjahid.com\/fr\/actualites\/139001\">Cliquez ici pour lire l&rsquo;article depuis sa source.<\/a><\/p>\n","protected":false},"excerpt":{"rendered":"<p>Le g\u00e9n\u00e9ral de corps d&rsquo;Arm\u00e9e, Ahmed Ga\u00efd Salah, vice-ministre de la D\u00e9fense nationale et chef d&rsquo;\u00e9tat-major de l&rsquo;Arm\u00e9e nationale populaire (ANP) a pr\u00e9sid\u00e9 dans la soir\u00e9e du vendredi au samedi, au Cercle national de l&rsquo;Arm\u00e9e \u00e0 Beni Messous, une c\u00e9r\u00e9monie d&rsquo;\u00e9change de v\u0153ux en l&rsquo;honneur de hauts cadres de l&rsquo;Arm\u00e9e, en activit\u00e9 et \u00e0 la [&hellip;]<\/p>\n","protected":false},"author":1744,"featured_media":0,"comment_status":"closed","ping_status":"closed","sticky":false,"template":"","format":"standard","meta":{"fifu_image_url":"","fifu_image_alt":"","footnotes":""},"categories":[73,53],"tags":[],"class_list":["post-44879","post","type-post","status-publish","format-standard","hentry","category-actualite","category-algerie"],"_links":{"self":[{"href":"https:\/\/linitiative.ca\/International\/wp-json\/wp\/v2\/posts\/44879","targetHints":{"allow":["GET"]}}],"collection":[{"href":"https:\/\/linitiative.ca\/International\/wp-json\/wp\/v2\/posts"}],"about":[{"href":"https:\/\/linitiative.ca\/International\/wp-json\/wp\/v2\/types\/post"}],"author":[{"embeddable":true,"href":"https:\/\/linitiative.ca\/International\/wp-json\/wp\/v2\/users\/1744"}],"replies":[{"embeddable":true,"href":"https:\/\/linitiative.ca\/International\/wp-json\/wp\/v2\/comments?post=44879"}],"version-history":[{"count":0,"href":"https:\/\/linitiative.ca\/International\/wp-json\/wp\/v2\/posts\/44879\/revisions"}],"wp:attachment":[{"href":"https:\/\/linitiative.ca\/International\/wp-json\/wp\/v2\/media?parent=44879"}],"wp:term":[{"taxonomy":"category","embeddable":true,"href":"https:\/\/linitiative.ca\/International\/wp-json\/wp\/v2\/categories?post=44879"},{"taxonomy":"post_tag","embeddable":true,"href":"https:\/\/linitiative.ca\/International\/wp-json\/wp\/v2\/tags?post=44879"}],"curies":[{"name":"wp","href":"https:\/\/api.w.org\/{rel}","templated":true}]}}