{"id":44880,"date":"2019-07-06T19:00:00","date_gmt":"2019-07-06T23:00:00","guid":{"rendered":"https:\/\/linitiative.ca\/International\/accompagnement-des-aspirations-du-peuple-letat-ny-menagera-aucun-effort\/"},"modified":"2019-07-06T19:00:00","modified_gmt":"2019-07-06T23:00:00","slug":"accompagnement-des-aspirations-du-peuple-letat-ny-menagera-aucun-effort","status":"publish","type":"post","link":"https:\/\/linitiative.ca\/International\/accompagnement-des-aspirations-du-peuple-letat-ny-menagera-aucun-effort\/","title":{"rendered":"Accompagnement des aspirations du peuple  :  L\u2019Etat n\u2019y m\u00e9nagera aucun effort"},"content":{"rendered":"<p>Le ministre de l&rsquo;Int\u00e9rieur, des Collectivit\u00e9s locales et de l&rsquo;Am\u00e9nagement du Territoire, Salah-Eddine Dahmoune, a salu\u00e9 le degr\u00e9 de maturit\u00e9 du peuple alg\u00e9rien et son mouvement pour \u00abune transition d\u00e9mocratique historique\u00bb, affirmant que l&rsquo;Etat \u00abne m\u00e9nagera aucun effort\u00bb dans l&rsquo;accompagnement du peuple au changement dont il aspire. Dans un message adress\u00e9 aux walis, walis d\u00e9l\u00e9gu\u00e9s et cadres des collectivit\u00e9s locales, \u00e0 l&rsquo;occasion du 57e anniversaire de la f\u00eate de l&rsquo;Ind\u00e9pendance et de la Jeunesse, le ministre de l&rsquo;Int\u00e9rieur a affirm\u00e9 que l&rsquo;Alg\u00e9rie \u00abtraverse une p\u00e9riode cruciale dans son histoire, une p\u00e9riode dont les \u00e9v\u00e9nements sont men\u00e9s par un peuple d\u00e9termin\u00e9 \u00e0 accomplir une transition d\u00e9mocratique historique, fid\u00e8le aux valeurs de la Charte du Premier Novembre 1954, et ce, en d\u00e9pit des diff\u00e9rentes tentatives d\u2019intrusion, et d\u2019exploitation du mouvement \u00e0 des fins politiques et partisanes, mais \u00e9galement des menaces d\u2019atteinte \u00e0 la s\u00e9curit\u00e9 de la nation et des citoyens\u00bb.<br \/>A cet \u00e9gard, il a rappel\u00e9 \u00abla n\u00e9cessit\u00e9 de faire preuve de vigilance extr\u00eame\u00bb, tout en mettant en exergue que le peuple alg\u00e9rien \u00aba exprim\u00e9 sa volont\u00e9 de fa\u00e7on mature et clairvoyante, prouvant au monde son haut degr\u00e9 de nationalisme\u00bb. Par ailleurs, tout en \u00e9voquant les nobles valeurs du peuple alg\u00e9rien, le ministre a soulign\u00e9 que \u00able mouvement de notre peuple fait partie de nous et nous faisons partie de lui. On vit et on partage ses douleurs et ses aspirations, que ce soit au niveau des institutions de l&rsquo;Etat ou de l&rsquo;Arm\u00e9e nationale populaire, l\u2019amour du pays est son essence, Novembre est sa r\u00e9f\u00e9rence, la d\u00e9mocratie son outil, et la libert\u00e9 son issue\u00bb. Dans ce sillage, M. Dahmoune a affirm\u00e9 que l&rsquo;Etat alg\u00e9rien \u00abne m\u00e9nagera aucun effort dans l&rsquo;accompagnement du peuple alg\u00e9rien dans l\u2019accomplissement du changement auquel il aspire\u00bb.<\/p>\n<p>Auteur: elmoudjahid<br \/>\n<a href=\"http:\/\/www.elmoudjahid.com\/fr\/actualites\/139002\">Cliquez ici pour lire l&rsquo;article depuis sa source.<\/a><\/p>\n","protected":false},"excerpt":{"rendered":"<p>Le ministre de l&rsquo;Int\u00e9rieur, des Collectivit\u00e9s locales et de l&rsquo;Am\u00e9nagement du Territoire, Salah-Eddine Dahmoune, a salu\u00e9 le degr\u00e9 de maturit\u00e9 du peuple alg\u00e9rien et son mouvement pour \u00abune transition d\u00e9mocratique historique\u00bb, affirmant que l&rsquo;Etat \u00abne m\u00e9nagera aucun effort\u00bb dans l&rsquo;accompagnement du peuple au changement dont il aspire. Dans un message adress\u00e9 aux walis, walis d\u00e9l\u00e9gu\u00e9s [&hellip;]<\/p>\n","protected":false},"author":1744,"featured_media":0,"comment_status":"closed","ping_status":"closed","sticky":false,"template":"","format":"standard","meta":{"fifu_image_url":"","fifu_image_alt":"","footnotes":""},"categories":[73,53],"tags":[],"class_list":["post-44880","post","type-post","status-publish","format-standard","hentry","category-actualite","category-algerie"],"_links":{"self":[{"href":"https:\/\/linitiative.ca\/International\/wp-json\/wp\/v2\/posts\/44880","targetHints":{"allow":["GET"]}}],"collection":[{"href":"https:\/\/linitiative.ca\/International\/wp-json\/wp\/v2\/posts"}],"about":[{"href":"https:\/\/linitiative.ca\/International\/wp-json\/wp\/v2\/types\/post"}],"author":[{"embeddable":true,"href":"https:\/\/linitiative.ca\/International\/wp-json\/wp\/v2\/users\/1744"}],"replies":[{"embeddable":true,"href":"https:\/\/linitiative.ca\/International\/wp-json\/wp\/v2\/comments?post=44880"}],"version-history":[{"count":0,"href":"https:\/\/linitiative.ca\/International\/wp-json\/wp\/v2\/posts\/44880\/revisions"}],"wp:attachment":[{"href":"https:\/\/linitiative.ca\/International\/wp-json\/wp\/v2\/media?parent=44880"}],"wp:term":[{"taxonomy":"category","embeddable":true,"href":"https:\/\/linitiative.ca\/International\/wp-json\/wp\/v2\/categories?post=44880"},{"taxonomy":"post_tag","embeddable":true,"href":"https:\/\/linitiative.ca\/International\/wp-json\/wp\/v2\/tags?post=44880"}],"curies":[{"name":"wp","href":"https:\/\/api.w.org\/{rel}","templated":true}]}}