{"id":44881,"date":"2019-07-06T19:00:00","date_gmt":"2019-07-06T23:00:00","guid":{"rendered":"https:\/\/linitiative.ca\/International\/annaba-recueillement-a-la-memoire-des-chouhada\/"},"modified":"2019-07-06T19:00:00","modified_gmt":"2019-07-06T23:00:00","slug":"annaba-recueillement-a-la-memoire-des-chouhada","status":"publish","type":"post","link":"https:\/\/linitiative.ca\/International\/annaba-recueillement-a-la-memoire-des-chouhada\/","title":{"rendered":"Annaba : Recueillement \u00e0 la m\u00e9moire des chouhada"},"content":{"rendered":"<p>Les festivit\u00e9s comm\u00e9moratives du 57e anniversaire de la f\u00eate de l\u2019Ind\u00e9pendance et de la Jeunesse ont \u00e9t\u00e9 marqu\u00e9es \u00e0 Annaba, \u00e0 l\u2019instar des autres r\u00e9gions du pays, par l\u2019organisation de plusieurs activit\u00e9s.<br \/>Apr\u00e8s le lever du drapeau national, les autorit\u00e9s locales, conduites par le wali, Toufik Mezhoud, ont d\u00e9pos\u00e9 des gerbes de fleurs devant la st\u00e8le comm\u00e9morative d\u00e9di\u00e9e aux martyrs de la R\u00e9volution au monument d\u2019Annaba, suivie de la lecture de la Fatiha du Saint Coran, en pr\u00e9sence de la famille r\u00e9volutionnaire. La d\u00e9l\u00e9gation s\u2019est d\u00e9plac\u00e9e \u00e0 Seraidi o\u00f9 il a \u00e9t\u00e9 proc\u00e9d\u00e9 \u00e0 la baptisation du Centre r\u00e9gional d\u2019\u00e9ducation physique et sportive (CREPS) du nom du d\u00e9funt moudjahid Ali Doudou, ancien gardien de la glorieuse \u00e9quipe du FLN.\u00a0 Ce complexe sportif a connu un retard consid\u00e9rable dans les travaux de r\u00e9habilitation qui ont n\u00e9cessit\u00e9 plusieurs fois des r\u00e9\u00e9valuations financi\u00e8res.\u00a0 Il est actuellement fin pr\u00eat pour accueillir les \u00e9quipes nationales de diff\u00e9rentes disciplines sportives. Outre la remise en service d\u2019un bureau de poste implant\u00e9 dans la localit\u00e9 montagneuse de Bouzizi, toujours dans la commune de Sera\u00efdi, le wali a proc\u00e9d\u00e9 \u00e0 l\u2019inauguration d\u2019un banaliseur pour le traitement des d\u00e9chets hospitaliers au niveau de l\u2019h\u00f4pital Ibn- Rochd au chef-lieu de wilaya.<br \/>\u00a0\u00a0\u00a0 B. G.<\/p>\n<p>Auteur: elmoudjahid<br \/>\n<a href=\"http:\/\/www.elmoudjahid.com\/fr\/actualites\/139003\">Cliquez ici pour lire l&rsquo;article depuis sa source.<\/a><\/p>\n","protected":false},"excerpt":{"rendered":"<p>Les festivit\u00e9s comm\u00e9moratives du 57e anniversaire de la f\u00eate de l\u2019Ind\u00e9pendance et de la Jeunesse ont \u00e9t\u00e9 marqu\u00e9es \u00e0 Annaba, \u00e0 l\u2019instar des autres r\u00e9gions du pays, par l\u2019organisation de plusieurs activit\u00e9s.Apr\u00e8s le lever du drapeau national, les autorit\u00e9s locales, conduites par le wali, Toufik Mezhoud, ont d\u00e9pos\u00e9 des gerbes de fleurs devant la st\u00e8le [&hellip;]<\/p>\n","protected":false},"author":1744,"featured_media":0,"comment_status":"closed","ping_status":"closed","sticky":false,"template":"","format":"standard","meta":{"fifu_image_url":"","fifu_image_alt":"","footnotes":""},"categories":[73,53],"tags":[],"class_list":["post-44881","post","type-post","status-publish","format-standard","hentry","category-actualite","category-algerie"],"_links":{"self":[{"href":"https:\/\/linitiative.ca\/International\/wp-json\/wp\/v2\/posts\/44881","targetHints":{"allow":["GET"]}}],"collection":[{"href":"https:\/\/linitiative.ca\/International\/wp-json\/wp\/v2\/posts"}],"about":[{"href":"https:\/\/linitiative.ca\/International\/wp-json\/wp\/v2\/types\/post"}],"author":[{"embeddable":true,"href":"https:\/\/linitiative.ca\/International\/wp-json\/wp\/v2\/users\/1744"}],"replies":[{"embeddable":true,"href":"https:\/\/linitiative.ca\/International\/wp-json\/wp\/v2\/comments?post=44881"}],"version-history":[{"count":0,"href":"https:\/\/linitiative.ca\/International\/wp-json\/wp\/v2\/posts\/44881\/revisions"}],"wp:attachment":[{"href":"https:\/\/linitiative.ca\/International\/wp-json\/wp\/v2\/media?parent=44881"}],"wp:term":[{"taxonomy":"category","embeddable":true,"href":"https:\/\/linitiative.ca\/International\/wp-json\/wp\/v2\/categories?post=44881"},{"taxonomy":"post_tag","embeddable":true,"href":"https:\/\/linitiative.ca\/International\/wp-json\/wp\/v2\/tags?post=44881"}],"curies":[{"name":"wp","href":"https:\/\/api.w.org\/{rel}","templated":true}]}}