{"id":44883,"date":"2019-07-06T19:00:00","date_gmt":"2019-07-06T23:00:00","guid":{"rendered":"https:\/\/linitiative.ca\/International\/forum-national-du-dialogue-consecration-de-la-volonte-populaire-par-une-election-presidentielle-libre-et-reguliere\/"},"modified":"2019-07-06T19:00:00","modified_gmt":"2019-07-06T23:00:00","slug":"forum-national-du-dialogue-consecration-de-la-volonte-populaire-par-une-election-presidentielle-libre-et-reguliere","status":"publish","type":"post","link":"https:\/\/linitiative.ca\/International\/forum-national-du-dialogue-consecration-de-la-volonte-populaire-par-une-election-presidentielle-libre-et-reguliere\/","title":{"rendered":"Forum national du dialogue : Cons\u00e9cration de la volont\u00e9 populaire par une \u00e9lection pr\u00e9sidentielle libre et r\u00e9guli\u00e8re"},"content":{"rendered":"<p><strong>Le Forum national du dialogue, qu\u2019a abrit\u00e9 hier l\u2019\u00c9cole sup\u00e9rieure d\u2019h\u00f4tellerie d\u2019A\u00efn B\u00e9nian, constitue cette premi\u00e8re concertation ayant regroup\u00e9 une douzaine de partis politiques, des personnalit\u00e9s, des repr\u00e9sentants d\u2019organisations syndicales et de la soci\u00e9t\u00e9 civile, dans l\u2019objectif d\u2019une solution consensuelle \u00e0 la crise politique que vit le pays. D\u00e8s l\u2019entame des travaux coordonn\u00e9s par le diplomate et ancien ministre Abdelaziz Rahabi, les participants ont \u00e9t\u00e9 unanimes \u00e0 mettre en relief, dans leurs interventions, la n\u00e9cessit\u00e9 de revenir dans les meilleurs d\u00e9lais au processus \u00e9lectoral et de r\u00e9unir les conditions idoines pour r\u00e9ussir une pr\u00e9sidentielle int\u00e8gre consacrant la volont\u00e9 populaire.<\/strong><\/p>\n<p>En ce sens, et quoique la quasi-majorit\u00e9 des chefs des partis politiques pr\u00e9sents \u00e0 cette \u00e9v\u00e9nement rel\u00e8ve du camp de l\u2019opposition, certains n\u2019ont pas manqu\u00e9 de saluer les engagements contenus dans le dernier discours du chef de l\u2019Etat, Abdelkader Bensalah, en vue d\u2019une pr\u00e9sidentielle propre et honn\u00eate. C\u2019est le cas d\u2019Ali Benflis, pr\u00e9sident de Talai El Houriyet, qui a estim\u00e9 que le message adress\u00e9 le 3 juillet par M. Bensalah \u00e0 la nation a fait bouger quelques lignes, dont il ne faut pas sous-estimer l\u2019importance\u00bb et en vertu desquelles \u00abil est possible d\u2019envisager une sortie de l\u2019impasse actuelle\u00bb. En ce sens, M. Benflis explique que les donn\u00e9es y aff\u00e9rentes r\u00e9sident notamment dans le fait que le \u00abr\u00e9gime politique en place a renonc\u00e9 \u00e0 la mainmise sur la conduite et la gestion du dialogue national\u00bb.<br \/>Dans la m\u00eame lign\u00e9e, il s\u2019est \u00e9galement f\u00e9licit\u00e9 du fait que la conduite du dialogue est confi\u00e9e \u00e0 \u00abun panel de personnalit\u00e9s nationales, cr\u00e9dibles, ind\u00e9pendantes, sans affiliation partisane et sans ambition \u00e9lectorale. \u00abIl se f\u00e9licite aussi de la \u2018\u2018stricte neutralit\u00e9\u2019\u2019 que compte observer le r\u00e9gime vis-\u00e0-vis du dialogue \u00e0 qui il est confi\u00e9 la double mission de l\u2019instance charg\u00e9e de la pr\u00e9paration et du contr\u00f4le de l\u2019\u00e9lection pr\u00e9sidentielle et de l\u2019amendement de la loi \u00e9lectorale\u00bb. Dans son intervention, il a notamment soutenu que \u00abtout r\u00e8glement de la crise doit s\u2019inscrire dans la trajectoire de la satisfaction des revendications justes et l\u00e9gitimes de la r\u00e9volution d\u00e9mocratique et pacifique\u00bb, tout en plaidant pour le changement du r\u00e9gime politique qui est, selon lui, une \u00abn\u00e9cessit\u00e9 vitale\u00bb et auquel devra correspondre une nouvelle Constitution fondatrice.<\/p>\n<p><strong>Organiser la passation du pouvoir au peuple<\/strong><\/p>\n<p>Le pr\u00e9sident de Jil Jadid, Sofiane Djilali, a mis en relief dans son intervention ce qu\u2019il consid\u00e8re comme \u00e9tant \u00abla seule issue pour les tenants du r\u00e9gime\u00bb, \u00e0 savoir organiser la passation du pouvoir au peuple. Il a fait part aussi de l\u2019imp\u00e9ratif de \u00abrespecter la volont\u00e9 populaire et la traduire en propositions concr\u00e8tes devant offrir au pays paix, s\u00e9curit\u00e9 et d\u00e9veloppement\u00bb. Il a indiqu\u00e9 en outre que le processus de changement \u00abdoit commencer avec la d\u00e9signation d\u2019une commission dont la composante devra \u00eatre potentiellement accept\u00e9e par tous et qui serait mandat\u00e9e pour nouer des contacts avec tous les partenaires politiques pour d\u00e9battre, notamment, des questions li\u00e9es \u00e0 l\u2019autorit\u00e9 qui aura la responsabilit\u00e9 d\u2019organiser l\u2019\u00e9lection pr\u00e9sidentielle ainsi que les amendements \u00e0 apporter \u00e0 la loi \u00e9lectorale. Il a appel\u00e9, en outre, \u00abau changement de l&rsquo;actuel gouvernement, au d\u00e9part de tous les symboles de l&rsquo;ancien r\u00e9gime et \u00e0 un consensus autour de la date du d\u00e9roulement de la pr\u00e9sidentielle\u00bb.<br \/>Pour le pr\u00e9sident de Jil Jadid, ce n\u2019est qu\u2019apr\u00e8s l\u2019\u00e9lection pr\u00e9sidentielle qu\u2019il conviendra d\u2019aller vers l\u2019\u00e9laboration de la Constitution de l\u2019Alg\u00e9rie nouvelle. Pour sa part, le pr\u00e9sident du Mouvement de la soci\u00e9t\u00e9 pour la paix (MSP), Abderrezak Makri, a estim\u00e9 que \u00able moment est venu de cristalliser une vision commune concr\u00e9tisant la transition d\u00e9mocratique r\u00e9ussie\u00bb, soulignant que \u00abla plupart des acteurs sont convaincus que la cons\u00e9cration de la d\u00e9mocratie et la r\u00e9alisation des profondes r\u00e9formes constitutionnelles interviendront apr\u00e8s l&rsquo;\u00e9lection pr\u00e9sidentielle dans des d\u00e9lais courts et raisonnables\u00bb. Il insiste sur le caract\u00e8re antid\u00e9mocratique d\u2019imposer \u00abune assembl\u00e9e constituante d\u00e9sign\u00e9e pour la reconstruction de l&rsquo;Etat\u00bb. Il consid\u00e8re que le fait de recourir \u00e0 une phase de transition \u00e9tal\u00e9e dans la dur\u00e9e ne pourra que conduire au chaos. Il ne manquera pas, en outre, de se f\u00e9liciter de la non-imposition par le chef de l\u2019Etat d&rsquo;une date pour l&rsquo;\u00e9lection pr\u00e9sidentielle.<\/p>\n<p><strong>Une vision commune pour cristalliser les revendications populaires<\/strong><\/p>\n<p>\u00abLes jeunes sont la force de la Nation et l\u2019espoir de son avenir\u00bb, a estim\u00e9 pour sa part le pr\u00e9sident du Front pour la justice et le d\u00e9veloppement, Abdallah Djaballah, appelant \u00e0 la poursuite de la dynamique des manifestations pacifiques jusqu&rsquo;\u00e0 la satisfaction des revendications citoyennes. Il a \u00e9mis le souhait de voir la conf\u00e9rence se traduire par l\u2019\u00e9mergence d\u2019une vision commune pour la r\u00e9alisation des revendications l\u00e9gitimes du peuple alg\u00e9rien, appelant \u00e0 des mesures \u00e0 m\u00eame de \u00abrestaurer la confiance \u00e0 travers la lib\u00e9ration des d\u00e9tenus d\u2019opinion\u00bb. Le pr\u00e9sident de l&rsquo;Union des forces d\u00e9mocratiques et sociales (UFDS), Noureddine Bahbouh a plaid\u00e9, quant \u00e0 lui, en faveur de \u00abl&rsquo;instauration des fondements d&rsquo;un Etat d\u00e9mocratique et social et la concr\u00e9tisation de la l\u00e9gitimit\u00e9 populaire \u00e0 travers une \u00e9lection pr\u00e9sidentielle libre et r\u00e9guli\u00e8re\u00bb. La rencontre d\u2019hier consacre, de son avis, le d\u00e9but d\u2019un processus de concertation visant la mise en place \u00abd\u2019une feuille de route consensuelle pour une transition d\u00e9mocratique qui passe par des r\u00e9formes profondes et la participation de tous\u00bb. Dans le m\u00eame sillage, le pr\u00e9sident du Mouvement El Bina, Abdelkader Bengrina, a plaid\u00e9 pour \u00abune transition sereine et pacifique\u00bb du pouvoir, soulignant la n\u00e9cessit\u00e9 de pr\u00e9server l&rsquo;unit\u00e9 nationale et de renforcer la coh\u00e9sion entre le peuple et l&rsquo;Arm\u00e9e.<br \/>Appelant \u00e0 \u00abse r\u00e9f\u00e9rer \u00e0 la volont\u00e9 du peuple\u00bb dans une \u00e9lection pr\u00e9sidentielle libre et r\u00e9guli\u00e8re consacrant \u00abune rupture avec l&rsquo;ancien syst\u00e8me\u00bb, il a mis l&rsquo;accent sur la n\u00e9cessit\u00e9 d&rsquo;\u00e9viter \u00abla vacance des institutions de l&rsquo;Etat\u00bb. De son c\u00f4t\u00e9, le repr\u00e9sentant des acteurs de la soci\u00e9t\u00e9 civile, le syndicaliste Sadek Dziri a appel\u00e9 \u00e0 la tenue \u00abd&rsquo;un forum national inclusif\u00bb consacrant l&rsquo;unit\u00e9 nationale et participant \u00e0 l&rsquo;\u00e9dification \u00abd&rsquo;une Alg\u00e9rie d\u00e9mocratique, sociale, multipartite, civile et r\u00e9gie par la loi dans le cadre des principes de la Proclamation du 1er Novembre 1954\u00bb. En somme, ce qui ressort \u00e0 titre de d\u00e9nominateur commun entre les interventions des participants \u00e0 la rencontre d\u2019hier, c\u2019est l\u2019urgence d\u2019aller vers une solution consensuelle o\u00f9 seront d\u00e9finis les m\u00e9canismes de mise en place d\u2019une instance ind\u00e9pendante qui aura la charge d\u2019organiser l\u2019\u00e9lection pr\u00e9sidentielle consacrant la souverainet\u00e9 populaire et ouvrant la voie pour la mise en place d\u2019un syst\u00e8me d\u00e9mocratique transparent. Aussi, la n\u00e9cessit\u00e9 de cristalliser les revendications populaires a \u00e9t\u00e9 r\u00e9it\u00e9r\u00e9e par l\u2019ensemble des intervenants, dont certains ont jug\u00e9 utile de recourir \u00e0 certaines mesures d\u2019apaisement dans le sens de r\u00e9tablir la confiance entre les gouvernants et les gouvern\u00e9s.<br \/><strong>Karim Aoudia<\/strong><br \/>\u00a0<\/p>\n<p>Auteur: elmoudjahid<br \/>\n<a href=\"http:\/\/www.elmoudjahid.com\/fr\/actualites\/139005\">Cliquez ici pour lire l&rsquo;article depuis sa source.<\/a><\/p>\n","protected":false},"excerpt":{"rendered":"<p>Le Forum national du dialogue, qu\u2019a abrit\u00e9 hier l\u2019\u00c9cole sup\u00e9rieure d\u2019h\u00f4tellerie d\u2019A\u00efn B\u00e9nian, constitue cette premi\u00e8re concertation ayant regroup\u00e9 une douzaine de partis politiques, des personnalit\u00e9s, des repr\u00e9sentants d\u2019organisations syndicales et de la soci\u00e9t\u00e9 civile, dans l\u2019objectif d\u2019une solution consensuelle \u00e0 la crise politique que vit le pays. D\u00e8s l\u2019entame des travaux coordonn\u00e9s par le [&hellip;]<\/p>\n","protected":false},"author":1744,"featured_media":0,"comment_status":"closed","ping_status":"closed","sticky":false,"template":"","format":"standard","meta":{"fifu_image_url":"","fifu_image_alt":"","footnotes":""},"categories":[73,53],"tags":[],"class_list":["post-44883","post","type-post","status-publish","format-standard","hentry","category-actualite","category-algerie"],"_links":{"self":[{"href":"https:\/\/linitiative.ca\/International\/wp-json\/wp\/v2\/posts\/44883","targetHints":{"allow":["GET"]}}],"collection":[{"href":"https:\/\/linitiative.ca\/International\/wp-json\/wp\/v2\/posts"}],"about":[{"href":"https:\/\/linitiative.ca\/International\/wp-json\/wp\/v2\/types\/post"}],"author":[{"embeddable":true,"href":"https:\/\/linitiative.ca\/International\/wp-json\/wp\/v2\/users\/1744"}],"replies":[{"embeddable":true,"href":"https:\/\/linitiative.ca\/International\/wp-json\/wp\/v2\/comments?post=44883"}],"version-history":[{"count":0,"href":"https:\/\/linitiative.ca\/International\/wp-json\/wp\/v2\/posts\/44883\/revisions"}],"wp:attachment":[{"href":"https:\/\/linitiative.ca\/International\/wp-json\/wp\/v2\/media?parent=44883"}],"wp:term":[{"taxonomy":"category","embeddable":true,"href":"https:\/\/linitiative.ca\/International\/wp-json\/wp\/v2\/categories?post=44883"},{"taxonomy":"post_tag","embeddable":true,"href":"https:\/\/linitiative.ca\/International\/wp-json\/wp\/v2\/tags?post=44883"}],"curies":[{"name":"wp","href":"https:\/\/api.w.org\/{rel}","templated":true}]}}