{"id":44884,"date":"2019-07-06T19:00:00","date_gmt":"2019-07-06T23:00:00","guid":{"rendered":"https:\/\/linitiative.ca\/International\/mouvement-associatif-associer-les-jeunes-a-la-construction-de-lalgerie-de-demain\/"},"modified":"2019-07-06T19:00:00","modified_gmt":"2019-07-06T23:00:00","slug":"mouvement-associatif-associer-les-jeunes-a-la-construction-de-lalgerie-de-demain","status":"publish","type":"post","link":"https:\/\/linitiative.ca\/International\/mouvement-associatif-associer-les-jeunes-a-la-construction-de-lalgerie-de-demain\/","title":{"rendered":"Mouvement associatif : Associer les jeunes \u00e0 la construction de l\u2019Alg\u00e9rie de demain"},"content":{"rendered":"<p>Les repr\u00e9sentants de la soci\u00e9t\u00e9 civile et du mouvement ont appel\u00e9 \u00e0 \u00abassocier les jeunes \u00e0 la construction de l&rsquo;Alg\u00e9rie de demain\u00bb et leur permettre de \u00absoumettre leur vision pour sortir de la crise politique\u00bb. Le militant Boumessad Abdenacer a, dans ce cadre, appel\u00e9 \u00e0 \u00abtransmettre le flambeau aux jeunes\u00bb. L&rsquo;ind\u00e9pendance de l&rsquo;Alg\u00e9rie a \u00e9t\u00e9 arrach\u00e9e par des jeunes et c&rsquo;est aux jeunes qu&rsquo;incombe la mission de reconstruction de l&rsquo;Etat, a-t-il soulign\u00e9, insistant sur le caract\u00e8re \u00abindivisible\u00bb de l&rsquo;Alg\u00e9rie. Le pr\u00e9sident du Syndicat autonome des imams, Djamel Ghoul, a, pour sa part, appel\u00e9 \u00e0 \u00abd\u00e9passer la langue de bois et rompre avec l&rsquo;ancien syst\u00e8me pour faire aboutir les d\u00e9marches du dialogue\u00bb. Fustigeant la marginalisation de la soci\u00e9t\u00e9 civile par les acteurs politiques, M. Ghoul a insist\u00e9 sur \u00abla n\u00e9cessit\u00e9 de veiller \u00e0 l&rsquo;\u00e9galit\u00e9 des chances entre la classe politique et la soci\u00e9t\u00e9 civile en vue d&rsquo;assurer la r\u00e9ussite du dialogue\u00bb. L&rsquo;\u00e9tudiante Bara Djamila a, de son c\u00f4t\u00e9, appel\u00e9 \u00e0 \u00abne pas exclure les jeunes\u00bb et \u00e0 faire aboutir les revendications qu&rsquo;ils ont exprim\u00e9es dans le Hirak. Elle a, \u00e0 cet \u00e9gard, annonc\u00e9 la tenue, mardi prochain, d&rsquo;une conf\u00e9rence nationale des \u00e9tudiants pour \u00abtransmettre leurs pr\u00e9occupations et cristalliser leur vision dans la construction de l&rsquo;Alg\u00e9rie de demain\u00bb. L&rsquo;\u00e9tudiant Islam Benattia a, quant \u00e0 lui, exig\u00e9 \u00able remaniement du gouvernement comme pr\u00e9alable au dialogue\u00bb, appelant \u00e0 \u00abassocier les \u00e9tudiants et les jeunes dans l&rsquo;Instance nationale d&rsquo;organisation des \u00e9lections\u00bb. L&rsquo;universitaire Mohamed El-Hadi El-Hasni a, pour sa part, mis en exergue le n\u00e9cessaire \u00abattachement \u00e0 l&rsquo;unit\u00e9 nationale et aux \u00e9l\u00e9ments constitutifs de l&rsquo;identit\u00e9 nationale\u00bb.<br \/>Le chercheur universitaire Mohand Arezki Ferrad a affirm\u00e9 que \u00able dialogue est la solution et que l&rsquo;une des conditions de son succ\u00e8s, est l&rsquo;existence d&rsquo;une volont\u00e9 politique sinc\u00e8re\u00bb.<br \/>Le chercheur Nacer Djabi a relev\u00e9 \u00ab l&rsquo;existence de tentatives de saborder le Hirak\u00bb, mettant en garde contre \u00abl&rsquo;\u00e9ventualit\u00e9 de survenue d&rsquo;un clivage entre la classe politique et le Hirak populaire, au cas o\u00f9 cette classe ne transmettait pas les revendications du Hirak\u00bb. Pr. Djabi a \u00e9galement appel\u00e9 le Forum national de dialogue \u00e0 \u00abcommuniquer avec les jeunes du Hirak et l&rsquo;ensemble des citoyens, \u00e0 travers une campagne m\u00e9diatique d&rsquo;envergure, en vue de transmettre les revendications du Forum et d&rsquo;expliquer sa vision\u00bb. Le repr\u00e9sentant de l&rsquo;organisation des anciens des Scouts musulmans alg\u00e9riens (SMA) a soulign\u00e9 la n\u00e9cessaire \u00abadh\u00e9sion des jeunes dans l&rsquo;action politique et associative\u00bb, mettant en garde contre des pratiques \u00abqui se sont r\u00e9pandues durant l&rsquo;ancien syst\u00e8me et ont pouss\u00e9 les jeunes \u00e0 se retirer de la sc\u00e8ne politique\u00bb. Quant au repr\u00e9sentant de l&rsquo;Association des oul\u00e9mas alg\u00e9riens, il a appel\u00e9 \u00e0 construire \u00abune culture politique\u00a0 \u00e9loign\u00e9e de la discorde et de l&rsquo;exclusion\u00bb, au maintien de l&rsquo;espace de dialogue \u00abouvert devant toute personne qui en revendique\u00bb, appelant la classe politique \u00e0 \u00abassumer ses responsabilit\u00e9s envers le peuple alg\u00e9rien et son mouvement\u00bb.<br \/>\u00a0<\/p>\n<p>Auteur: elmoudjahid<br \/>\n<a href=\"http:\/\/www.elmoudjahid.com\/fr\/actualites\/139006\">Cliquez ici pour lire l&rsquo;article depuis sa source.<\/a><\/p>\n","protected":false},"excerpt":{"rendered":"<p>Les repr\u00e9sentants de la soci\u00e9t\u00e9 civile et du mouvement ont appel\u00e9 \u00e0 \u00abassocier les jeunes \u00e0 la construction de l&rsquo;Alg\u00e9rie de demain\u00bb et leur permettre de \u00absoumettre leur vision pour sortir de la crise politique\u00bb. Le militant Boumessad Abdenacer a, dans ce cadre, appel\u00e9 \u00e0 \u00abtransmettre le flambeau aux jeunes\u00bb. L&rsquo;ind\u00e9pendance de l&rsquo;Alg\u00e9rie a \u00e9t\u00e9 [&hellip;]<\/p>\n","protected":false},"author":1744,"featured_media":0,"comment_status":"closed","ping_status":"closed","sticky":false,"template":"","format":"standard","meta":{"fifu_image_url":"","fifu_image_alt":"","footnotes":""},"categories":[73,53],"tags":[],"class_list":["post-44884","post","type-post","status-publish","format-standard","hentry","category-actualite","category-algerie"],"_links":{"self":[{"href":"https:\/\/linitiative.ca\/International\/wp-json\/wp\/v2\/posts\/44884","targetHints":{"allow":["GET"]}}],"collection":[{"href":"https:\/\/linitiative.ca\/International\/wp-json\/wp\/v2\/posts"}],"about":[{"href":"https:\/\/linitiative.ca\/International\/wp-json\/wp\/v2\/types\/post"}],"author":[{"embeddable":true,"href":"https:\/\/linitiative.ca\/International\/wp-json\/wp\/v2\/users\/1744"}],"replies":[{"embeddable":true,"href":"https:\/\/linitiative.ca\/International\/wp-json\/wp\/v2\/comments?post=44884"}],"version-history":[{"count":0,"href":"https:\/\/linitiative.ca\/International\/wp-json\/wp\/v2\/posts\/44884\/revisions"}],"wp:attachment":[{"href":"https:\/\/linitiative.ca\/International\/wp-json\/wp\/v2\/media?parent=44884"}],"wp:term":[{"taxonomy":"category","embeddable":true,"href":"https:\/\/linitiative.ca\/International\/wp-json\/wp\/v2\/categories?post=44884"},{"taxonomy":"post_tag","embeddable":true,"href":"https:\/\/linitiative.ca\/International\/wp-json\/wp\/v2\/tags?post=44884"}],"curies":[{"name":"wp","href":"https:\/\/api.w.org\/{rel}","templated":true}]}}