{"id":44885,"date":"2019-07-06T19:00:00","date_gmt":"2019-07-06T23:00:00","guid":{"rendered":"https:\/\/linitiative.ca\/International\/eclairage-changement\/"},"modified":"2019-07-06T19:00:00","modified_gmt":"2019-07-06T23:00:00","slug":"eclairage-changement","status":"publish","type":"post","link":"https:\/\/linitiative.ca\/International\/eclairage-changement\/","title":{"rendered":"Eclairage : Changement"},"content":{"rendered":"<p>Le Chef de l\u2019Etat a, dans une r\u00e9cente intervention, balis\u00e9 le terrain du dialogue, un dialogue qui sera conduit, en toute libert\u00e9 et en toute transparence, par des personnalit\u00e9s consensuelles o\u00f9 l\u2019Etat dans toutes ses composantes, y compris l\u2019ANP, ne sera pas partie prenante et observera la plus stricte neutralit\u00e9.<br \/>Ces engagements, entre autres mesures visant \u00e0 pr\u00e9parer et \u00e0 garantir une \u00e9lection pr\u00e9sidentielle libre et r\u00e9guli\u00e8re, dans des d\u00e9lais raisonnables et aussi rapproch\u00e9s que possible, n\u2019ont d\u2019autre but que trouver une solution d\u00e9mocratique viable et raisonnable visant \u00e0 sortir le pays de la crise politique en donnant une r\u00e9ponse appropri\u00e9e aux aspirations populaires, l\u00e9gitimes, exprim\u00e9es chaque vendredi depuis le 22 f\u00e9vrier.<br \/>Que l\u2019on ne se voile pas la face, le vide constitutionnel et l\u2019absence d\u2019Etat restent une d\u00e9marche contre-productive et peuvent mener, \u00e0 terme, le pays vers le chaos, l\u2019anarchie et la d\u00e9stabilisation.<br \/>Les marches du vendredi, qui semblent s\u2019inscrire dans la dur\u00e9e, ont jusque-l\u00e0 montr\u00e9 et d\u00e9montr\u00e9 l\u2019aspiration d\u00e9termin\u00e9e du peuple, dans toutes ses composantes, \u00e0 un changement radical du syst\u00e8me pour \u00e9difier une nouvelle Alg\u00e9rie, une Alg\u00e9rie de justice, de droit et de respect, o\u00f9 la corruption ne sera plus un moyen de gouvernance et o\u00f9 les richesses ne serviront plus \u00e0 enrichir, encore plus, une caste poss\u00e9dante, vivant dans l\u2019opulence et \u00e0 l\u2019app\u00e9tit insatiable.<br \/>Cependant, en toute chose, il faut savoir raison garder, et d\u00e9sormais d\u00e9gager des solutions dans un cadre consensuel en allant vers l\u2019\u00e9lection pr\u00e9sidentielle dans un cadre l\u00e9gitime et l\u00e9gitim\u00e9 pour affronter sainement les lourds enjeux \u00e9conomiques qui se font jour et qui, si nous n\u2019y sommes pas pr\u00e9par\u00e9s, auront de lourdes cons\u00e9quences sur le devenir du pays et partant sur l\u2019avenir de la jeunesse. Cette jeunesse qui sort chaque vendredi dans la rue pour clamer son attachement \u00e0 l\u2019Alg\u00e9rie et sa volont\u00e9 d\u2019y tenir un r\u00f4le v\u00e9ritable, est \u00e0 la fois le fer de lance du mouvement populaire et son enjeu principal car c\u2019est elle qui devra prendre en charge le pays, lib\u00e9r\u00e9 par les a\u00een\u00e9s, avec des institutions fortes et p\u00e9rennes. Cette jeunesse, qui aspire l\u00e9gitimement \u00e0 des lendemains porteurs de ses espoirs, est un v\u00e9ritable vivier de ressources dipl\u00f4m\u00e9es dans lequel le pays peut puiser \u00e0 profusion ses \u00e9lites de demain.<br \/>\u00a0\u00a0\u00a0 K. O.<\/p>\n<p>Auteur: elmoudjahid<br \/>\n<a href=\"http:\/\/www.elmoudjahid.com\/fr\/actualites\/139007\">Cliquez ici pour lire l&rsquo;article depuis sa source.<\/a><\/p>\n","protected":false},"excerpt":{"rendered":"<p>Le Chef de l\u2019Etat a, dans une r\u00e9cente intervention, balis\u00e9 le terrain du dialogue, un dialogue qui sera conduit, en toute libert\u00e9 et en toute transparence, par des personnalit\u00e9s consensuelles o\u00f9 l\u2019Etat dans toutes ses composantes, y compris l\u2019ANP, ne sera pas partie prenante et observera la plus stricte neutralit\u00e9.Ces engagements, entre autres mesures visant [&hellip;]<\/p>\n","protected":false},"author":1744,"featured_media":0,"comment_status":"closed","ping_status":"closed","sticky":false,"template":"","format":"standard","meta":{"fifu_image_url":"","fifu_image_alt":"","footnotes":""},"categories":[73,53],"tags":[],"class_list":["post-44885","post","type-post","status-publish","format-standard","hentry","category-actualite","category-algerie"],"_links":{"self":[{"href":"https:\/\/linitiative.ca\/International\/wp-json\/wp\/v2\/posts\/44885","targetHints":{"allow":["GET"]}}],"collection":[{"href":"https:\/\/linitiative.ca\/International\/wp-json\/wp\/v2\/posts"}],"about":[{"href":"https:\/\/linitiative.ca\/International\/wp-json\/wp\/v2\/types\/post"}],"author":[{"embeddable":true,"href":"https:\/\/linitiative.ca\/International\/wp-json\/wp\/v2\/users\/1744"}],"replies":[{"embeddable":true,"href":"https:\/\/linitiative.ca\/International\/wp-json\/wp\/v2\/comments?post=44885"}],"version-history":[{"count":0,"href":"https:\/\/linitiative.ca\/International\/wp-json\/wp\/v2\/posts\/44885\/revisions"}],"wp:attachment":[{"href":"https:\/\/linitiative.ca\/International\/wp-json\/wp\/v2\/media?parent=44885"}],"wp:term":[{"taxonomy":"category","embeddable":true,"href":"https:\/\/linitiative.ca\/International\/wp-json\/wp\/v2\/categories?post=44885"},{"taxonomy":"post_tag","embeddable":true,"href":"https:\/\/linitiative.ca\/International\/wp-json\/wp\/v2\/tags?post=44885"}],"curies":[{"name":"wp","href":"https:\/\/api.w.org\/{rel}","templated":true}]}}