{"id":44892,"date":"2019-07-07T10:26:54","date_gmt":"2019-07-07T14:26:54","guid":{"rendered":"https:\/\/linitiative.ca\/International\/91555-le-president-de-l-es-setif-devant-le-procureur-de-la-republique-pour-diverses-accusations\/"},"modified":"2019-07-07T10:26:54","modified_gmt":"2019-07-07T14:26:54","slug":"91555-le-president-de-l-es-setif-devant-le-procureur-de-la-republique-pour-diverses-accusations","status":"publish","type":"post","link":"https:\/\/linitiative.ca\/International\/91555-le-president-de-l-es-setif-devant-le-procureur-de-la-republique-pour-diverses-accusations\/","title":{"rendered":"Le pr\u00e9sident de l\u2019ES S\u00e9tif devant le procureur de la R\u00e9publique pour diverses accusations"},"content":{"rendered":"<div>\n<div class=\"K2FeedImage\"><img decoding=\"async\" src=\"http:\/\/www.aps.dz\/media\/k2\/items\/cache\/15a4c9c9e0bca125da256d4c628a8b71_S.jpg\" alt=\"Le pr\u00e9sident de l\u2019ES S\u00e9tif devant le procureur de la R\u00e9publique pour diverses accusations\"><\/div>\n<div class=\"K2FeedIntroText\">\n<p><strong>SETIF &#8211; Le pr\u00e9sident du club de football ES S\u00e9tif, Hassan Hamar comparaitra dimanche devant le procureur de la r\u00e9publique pr\u00e8s le tribunal de S\u00e9tif pour divers chefs d\u2019accusation, apprend-on de son avocat.<\/strong><\/p>\n<\/div>\n<div class=\"K2FeedFullText\">\n<p>Approch\u00e9 au tribunal de S\u00e9tif avant la comparution de Hamar, son avocat Maitre Ketfi Ahmed a indiqu\u00e9 \u00e0 l\u2019APS que son client est accus\u00e9 d'\u00a0\u00bbabus de confiance et escroquerie\u00a0\u00bb, d'\u00a0\u00bbabus de confiance\u00a0\u00bb, de \u00ab\u00a0faux et usage de faux\u00a0\u00bb dans l\u2019affaire de corruption et fraude sur le foncier de la coop\u00e9rative immobili\u00e8re Oum El Hayat.<\/p>\n<p>Selon l\u2019avocat, une ordonnance de non-lieu a \u00e9t\u00e9 d\u00e9j\u00e0 prononc\u00e9e par le juge d\u2019instruction pr\u00e8s le tribunal de S\u00e9tif concernant l\u2019une des accusations pour lesquelles le mis en cause est poursuivi.<\/p>\n<p>Pour rappel, la chambre d\u2019accusation de la cour de justice de S\u00e9tif a confirm\u00e9 en date du 12 juin pass\u00e9 par contumace la d\u00e9cision du tribunal de S\u00e9tif condamnant en novembre 2017 Hassan Hamar \u00e0 5 ans de prison ferme pour \u00ab\u00a0escroquerie\u00a0\u00bb et \u00ab\u00a0dilapidation de deniers d\u2019un \u00e9tablissement priv\u00e9\u00a0\u00bb, rappelle-t-on.<\/p>\n<p>Le pr\u00e9sident de l\u2019ESS a \u00e9t\u00e9 arr\u00eat\u00e9 samedi en d\u00e9but de soir\u00e9e par les services de la s\u00fbret\u00e9 de wilaya en vue de sa pr\u00e9sentation devant les instances judiciaires comp\u00e9tentes.<\/p>\n<\/div>\n<p><img loading=\"lazy\" decoding=\"async\" src=\"http:\/\/feeds.feedburner.com\/~r\/aps-sport\/~4\/LEhk-QHiP9M\" height=\"1\" width=\"1\" alt=\"\"><\/div>\n<p>Auteur:<br \/>\n<a href=\"http:\/\/www.aps.dz\/sport\/91555-le-president-de-l-es-setif-devant-le-procureur-de-la-republique-pour-diverses-accusations?utm_source=feedburner&#038;utm_medium=feed&#038;utm_campaign=Feed%3A+aps-sport+%28APS+-+SPORT%29\">Cliquez ici pour lire l&rsquo;article depuis sa source.<\/a><\/p>\n","protected":false},"excerpt":{"rendered":"<p>SETIF &#8211; Le pr\u00e9sident du club de football ES S\u00e9tif, Hassan Hamar comparaitra dimanche devant le procureur de la r\u00e9publique pr\u00e8s le tribunal de S\u00e9tif pour divers chefs d\u2019accusation, apprend-on de son avocat. Approch\u00e9 au tribunal de S\u00e9tif avant la comparution de Hamar, son avocat Maitre Ketfi Ahmed a indiqu\u00e9 \u00e0 l\u2019APS que son client [&hellip;]<\/p>\n","protected":false},"author":1790,"featured_media":44893,"comment_status":"closed","ping_status":"closed","sticky":false,"template":"","format":"standard","meta":{"fifu_image_url":"","fifu_image_alt":"","footnotes":""},"categories":[53,75],"tags":[],"class_list":["post-44892","post","type-post","status-publish","format-standard","has-post-thumbnail","hentry","category-algerie","category-sport"],"_links":{"self":[{"href":"https:\/\/linitiative.ca\/International\/wp-json\/wp\/v2\/posts\/44892","targetHints":{"allow":["GET"]}}],"collection":[{"href":"https:\/\/linitiative.ca\/International\/wp-json\/wp\/v2\/posts"}],"about":[{"href":"https:\/\/linitiative.ca\/International\/wp-json\/wp\/v2\/types\/post"}],"author":[{"embeddable":true,"href":"https:\/\/linitiative.ca\/International\/wp-json\/wp\/v2\/users\/1790"}],"replies":[{"embeddable":true,"href":"https:\/\/linitiative.ca\/International\/wp-json\/wp\/v2\/comments?post=44892"}],"version-history":[{"count":0,"href":"https:\/\/linitiative.ca\/International\/wp-json\/wp\/v2\/posts\/44892\/revisions"}],"wp:featuredmedia":[{"embeddable":true,"href":"https:\/\/linitiative.ca\/International\/wp-json\/"}],"wp:attachment":[{"href":"https:\/\/linitiative.ca\/International\/wp-json\/wp\/v2\/media?parent=44892"}],"wp:term":[{"taxonomy":"category","embeddable":true,"href":"https:\/\/linitiative.ca\/International\/wp-json\/wp\/v2\/categories?post=44892"},{"taxonomy":"post_tag","embeddable":true,"href":"https:\/\/linitiative.ca\/International\/wp-json\/wp\/v2\/tags?post=44892"}],"curies":[{"name":"wp","href":"https:\/\/api.w.org\/{rel}","templated":true}]}}