{"id":44895,"date":"2019-07-07T13:49:00","date_gmt":"2019-07-07T17:49:00","guid":{"rendered":"https:\/\/linitiative.ca\/International\/justice-vers-un-mandat-darret-contre-chakib-khelil\/"},"modified":"2019-07-07T13:49:00","modified_gmt":"2019-07-07T17:49:00","slug":"justice-vers-un-mandat-darret-contre-chakib-khelil","status":"publish","type":"post","link":"https:\/\/linitiative.ca\/International\/justice-vers-un-mandat-darret-contre-chakib-khelil\/","title":{"rendered":"JUSTICE : Vers un mandat d\u2019arr\u00eat contre Chakib Khelil"},"content":{"rendered":"<p><br id=\"sep_para_1\" class=\"sep_para access\"\/><\/p>\n<div id=\"para_1\" class=\"para_32042373 resize\">\n<div class=\"texte access firstletter\">L\u2019ancien ministre de l\u2019Energie, Chakib Khelil et l\u2019ancien ministre de l\u2019Industrie, Abdeslem Bouchouareb, seront destinataires, d\u00e8s la semaine prochaine, d\u2019une seconde convocation par la justice, pour des faits li\u00e9s \u00e0 des soup\u00e7ons de corruption, pour le premier, de dilapidation des deniers publics et d\u2019abus de pouvoir et d\u2019autorit\u00e9, pour le second. Une premi\u00e8re convocation a \u00e9t\u00e9 envoy\u00e9e \u00e0 chacun d\u2019eux, il y a quelques jours. Mais les deux anciens ministres, l\u2019un aux USA et l\u2019autre install\u00e9 en France, n\u2019ont pas r\u00e9pondu. Si \u00e0 la seconde convocation, ils ne daigneraient toujours pas r\u00e9pondre et se pr\u00e9senter \u00e0 la Cour Supr\u00eame, un mandat d\u2019arr\u00eat international sera alors \u00e9mis \u00e0 leur encontre et les conventions internationales seraient mises \u00e0 contribution pour pr\u00e9tendre \u00e0 leur extradition. Selon plusieurs sources, la France serait d\u2019ores et d\u00e9j\u00e0 pr\u00eate pour collaborer avec la justice alg\u00e9rienne\u00a0 sur ce dossier de corruption.\u00a0\u00a0\u00a0\u00a0\u00a0\u00a0\u00a0\u00a0\u00a0\u00a0\u00a0\u00a0\u00a0\u00a0\u00a0\u00a0\u00a0\u00a0\u00a0\u00a0\u00a0\u00a0\u00a0\u00a0\u00a0\u00a0\u00a0\u00a0\u00a0\u00a0<\/div>\n<\/div>\n<p>Auteur: Ismain<br \/>\n<a href=\"https:\/\/www.reflexiondz.net\/JUSTICE-Vers-un-mandat-d-arret-contre-Chakib-Khelil_a56454.html\">Cliquez ici pour lire l&rsquo;article depuis sa source.<\/a><\/p>\n","protected":false},"excerpt":{"rendered":"<p>L\u2019ancien ministre de l\u2019Energie, Chakib Khelil et l\u2019ancien ministre de l\u2019Industrie, Abdeslem Bouchouareb, seront destinataires, d\u00e8s la semaine prochaine, d\u2019une seconde convocation par la justice, pour des faits li\u00e9s \u00e0 des soup\u00e7ons de corruption, pour le premier, de dilapidation des deniers publics et d\u2019abus de pouvoir et d\u2019autorit\u00e9, pour le second. Une premi\u00e8re convocation a [&hellip;]<\/p>\n","protected":false},"author":1740,"featured_media":0,"comment_status":"closed","ping_status":"closed","sticky":false,"template":"","format":"standard","meta":{"fifu_image_url":"","fifu_image_alt":"","footnotes":""},"categories":[53,76],"tags":[],"class_list":["post-44895","post","type-post","status-publish","format-standard","hentry","category-algerie","category-regions"],"_links":{"self":[{"href":"https:\/\/linitiative.ca\/International\/wp-json\/wp\/v2\/posts\/44895","targetHints":{"allow":["GET"]}}],"collection":[{"href":"https:\/\/linitiative.ca\/International\/wp-json\/wp\/v2\/posts"}],"about":[{"href":"https:\/\/linitiative.ca\/International\/wp-json\/wp\/v2\/types\/post"}],"author":[{"embeddable":true,"href":"https:\/\/linitiative.ca\/International\/wp-json\/wp\/v2\/users\/1740"}],"replies":[{"embeddable":true,"href":"https:\/\/linitiative.ca\/International\/wp-json\/wp\/v2\/comments?post=44895"}],"version-history":[{"count":0,"href":"https:\/\/linitiative.ca\/International\/wp-json\/wp\/v2\/posts\/44895\/revisions"}],"wp:attachment":[{"href":"https:\/\/linitiative.ca\/International\/wp-json\/wp\/v2\/media?parent=44895"}],"wp:term":[{"taxonomy":"category","embeddable":true,"href":"https:\/\/linitiative.ca\/International\/wp-json\/wp\/v2\/categories?post=44895"},{"taxonomy":"post_tag","embeddable":true,"href":"https:\/\/linitiative.ca\/International\/wp-json\/wp\/v2\/tags?post=44895"}],"curies":[{"name":"wp","href":"https:\/\/api.w.org\/{rel}","templated":true}]}}