{"id":44896,"date":"2019-07-07T13:49:00","date_gmt":"2019-07-07T17:49:00","guid":{"rendered":"https:\/\/linitiative.ca\/International\/il-est-poursuivi-pour-plusieurs-affaires-ould-abbes-place-en-detention-preventive\/"},"modified":"2019-07-07T13:49:00","modified_gmt":"2019-07-07T17:49:00","slug":"il-est-poursuivi-pour-plusieurs-affaires-ould-abbes-place-en-detention-preventive","status":"publish","type":"post","link":"https:\/\/linitiative.ca\/International\/il-est-poursuivi-pour-plusieurs-affaires-ould-abbes-place-en-detention-preventive\/","title":{"rendered":"IL EST POURSUIVI POUR PLUSIEURS AFFAIRES : Ould Abbes plac\u00e9 en d\u00e9tention pr\u00e9ventive"},"content":{"rendered":"<p><br id=\"sep_para_1\" class=\"sep_para access\"\/><\/p>\n<div id=\"para_1\" class=\"para_32042370 resize\">\n<div class=\"texte access firstletter\">Djamel Ould Abbes, est poursuivi pour \u00abdilapidation de deniers publics, conclusion d&rsquo;un march\u00e9 en violation des dispositions\u00a0 l\u00e9gislatives et r\u00e9glementaires en vigueur et faux en \u00e9critures publiques\u00bb,\u00a0 lorsqu&rsquo;il \u00e9tait ministre de la Solidarit\u00e9 nationale et de la Famille, entre 1999 et 2010. Le minist\u00e8re de la Solidarit\u00e9 nationale a consomm\u00e9 en dix ans ce que ni l\u2019Education nationale, ni l\u2019Enseignement sup\u00e9rieur et la recherche scientifique n\u2019ont consomm\u00e9. Alors que beaucoup de minist\u00e8res l\u00e9sinaient, la Solidarit\u00e9 donnait \u00e0 tout-va. On a notamment \u00e9gratign\u00e9 ces 22 milliards de centimes donn\u00e9s \u00e0 des organisations estudiantines et qui n\u2019ouvrent pas droit normalement \u00e0 ce genre d\u2019aide de la part du minist\u00e8re de la Solidarit\u00e9. A partir de 2005, ce sont 500 000 trousseaux scolaires qui sont distribu\u00e9s annuellement, une semaine avant la rentr\u00e9e scolaire, au profit des enfants scolaris\u00e9s de familles n\u00e9cessiteuses dans les 48 wilayas du pays. L\u2019ancien ministre de la Solidarit\u00e9 nationale, Djamel Ould-Abb\u00e8s, donnait personnellement le coup d\u2019envoi de cette op\u00e9ration au si\u00e8ge de l\u2019Entreprise nationale d\u2019approvisionnement et de distribution des produits textiles (Enaditex). Selon les factures du minist\u00e8re, l\u2019ensemble de ces trousseaux scolaires a co\u00fbt\u00e9 un montant de 320 millions de DA, chaque trousseau \u00e9tant estim\u00e9 \u00e0 une valeur moyenne de 1 200 DA. Ces trousseaux contiennent des cartables, des tabliers et des fournitures scolaires. Les op\u00e9rations ciblaient les \u00e9l\u00e8ves des deux premiers paliers de l\u2019enseignement (primaire et moyen), et touchaient toutes les wilayas du pays, plus particuli\u00e8rement, celles du Grand-Sud et des Hauts-Plateaux. Les restaurant de la Rahma, instaur\u00e9s pour venir en aide aux d\u00e9munis, notamment durant le mois sacr\u00e9 de ramadan, ont englouti d\u2019importantes sommes d\u2019argent, jamais contest\u00e9es, ni v\u00e9rifi\u00e9es, alors que les sous-traitants faisaient fortune en livrant une nourriture \u00e0 la limite du mangeable aux \u00abrestaurants de la Rahma \u00bb. De toute \u00e9vidence, un minist\u00e8re pareil, destin\u00e9 \u00e0 ravitailler en aides et subventions de toutes sortes de larges franges de la population, pouvait r\u00e9clamer d\u2019avoir plus entre les mains et ne justifiait pas pourquoi les caisses \u00e9taient tout le temps vides. Les rentr\u00e9es scolaires, les ramadans, les f\u00eates religieuses ou nationales, les aides consenties aux enfants malades \u00e9taient autant de raisons pour justifier les d\u00e9penses.<\/div>\n<\/div>\n<p>Auteur: Riad<br \/>\n<a href=\"https:\/\/www.reflexiondz.net\/IL-EST-POURSUIVI-POUR-PLUSIEURS-AFFAIRES-Ould-Abbes-place-en-detention-preventive_a56453.html\">Cliquez ici pour lire l&rsquo;article depuis sa source.<\/a><\/p>\n","protected":false},"excerpt":{"rendered":"<p>Djamel Ould Abbes, est poursuivi pour \u00abdilapidation de deniers publics, conclusion d&rsquo;un march\u00e9 en violation des dispositions\u00a0 l\u00e9gislatives et r\u00e9glementaires en vigueur et faux en \u00e9critures publiques\u00bb,\u00a0 lorsqu&rsquo;il \u00e9tait ministre de la Solidarit\u00e9 nationale et de la Famille, entre 1999 et 2010. Le minist\u00e8re de la Solidarit\u00e9 nationale a consomm\u00e9 en dix ans ce que [&hellip;]<\/p>\n","protected":false},"author":1740,"featured_media":0,"comment_status":"closed","ping_status":"closed","sticky":false,"template":"","format":"standard","meta":{"fifu_image_url":"","fifu_image_alt":"","footnotes":""},"categories":[53,76],"tags":[],"class_list":["post-44896","post","type-post","status-publish","format-standard","hentry","category-algerie","category-regions"],"_links":{"self":[{"href":"https:\/\/linitiative.ca\/International\/wp-json\/wp\/v2\/posts\/44896","targetHints":{"allow":["GET"]}}],"collection":[{"href":"https:\/\/linitiative.ca\/International\/wp-json\/wp\/v2\/posts"}],"about":[{"href":"https:\/\/linitiative.ca\/International\/wp-json\/wp\/v2\/types\/post"}],"author":[{"embeddable":true,"href":"https:\/\/linitiative.ca\/International\/wp-json\/wp\/v2\/users\/1740"}],"replies":[{"embeddable":true,"href":"https:\/\/linitiative.ca\/International\/wp-json\/wp\/v2\/comments?post=44896"}],"version-history":[{"count":0,"href":"https:\/\/linitiative.ca\/International\/wp-json\/wp\/v2\/posts\/44896\/revisions"}],"wp:attachment":[{"href":"https:\/\/linitiative.ca\/International\/wp-json\/wp\/v2\/media?parent=44896"}],"wp:term":[{"taxonomy":"category","embeddable":true,"href":"https:\/\/linitiative.ca\/International\/wp-json\/wp\/v2\/categories?post=44896"},{"taxonomy":"post_tag","embeddable":true,"href":"https:\/\/linitiative.ca\/International\/wp-json\/wp\/v2\/tags?post=44896"}],"curies":[{"name":"wp","href":"https:\/\/api.w.org\/{rel}","templated":true}]}}