{"id":44897,"date":"2019-07-07T13:49:00","date_gmt":"2019-07-07T17:49:00","guid":{"rendered":"https:\/\/linitiative.ca\/International\/ouargla-700-logements-aadl-attendent-concretisation\/"},"modified":"2019-07-07T13:49:00","modified_gmt":"2019-07-07T17:49:00","slug":"ouargla-700-logements-aadl-attendent-concretisation","status":"publish","type":"post","link":"https:\/\/linitiative.ca\/International\/ouargla-700-logements-aadl-attendent-concretisation\/","title":{"rendered":"OUARGLA : 700 logements AADL attendent concr\u00e9tisation"},"content":{"rendered":"<p><br id=\"sep_para_1\" class=\"sep_para access\"\/><\/p>\n<div id=\"para_1\" class=\"para_32042361 resize\">\n<div class=\"texte access firstletter\">Les 700 souscripteurs\u00a0\u00a0 AADL 2 \u00e0 Ouargla viennent de lancer un cris de d\u00e9tresse \u00e0 destination du\u00a0 Minist\u00e8re de l&rsquo;habitat et de la Direction g\u00e9n\u00e9rale de l\u2019AADL, afin de d\u00e9noncer l\u2019injustice et la hogra qui s\u00e9vit depuis 2013. En effet,\u00a0\u00a0 apr\u00e8s 8 ans de souscription et d\u2019attente\u00a0 et des centaines de millions vers\u00e9es en location, le projet des 700 logements AADL est aujourd\u2019hui \u00e0 0% depuis le 30 juin 2019. D\u2019apr\u00e8s les plaignants,\u00a0\u00a0 le projet n&rsquo;avance aucunement, malgr\u00e9 le payement de la premi\u00e8re tranche.\u00a0 Le projet est \u00e0 l\u2019arr\u00eat total, ni choix du site, ni choix d\u2019entreprise r\u00e9alisatrice et ni ODS pour le commencement du projet.\u00a0 La d\u00e9ception et la frustration des souscripteurs sont\u00a0 profondes. Tout en nous laissant seuls \u00e0 affronter\u00a0 cette situation impitoyable et l&rsquo;inertie surtout\u00a0\u00a0 de\u00a0 la direction r\u00e9gionale AADL d&rsquo;Ouargla\u2019\u2019, ont-ils d\u00e9nonc\u00e9.\u00a0\u00a0\u00a0\u00a0\u00a0\u00a0\u00a0\u00a0\u00a0\u00a0\u00a0\u00a0\u00a0\u00a0\u00a0\u00a0\u00a0<\/div>\n<\/div>\n<p>Auteur: Ismain<br \/>\n<a href=\"https:\/\/www.reflexiondz.net\/OUARGLA-700-logements-AADL-attendent-concretisation_a56451.html\">Cliquez ici pour lire l&rsquo;article depuis sa source.<\/a><\/p>\n","protected":false},"excerpt":{"rendered":"<p>Les 700 souscripteurs\u00a0\u00a0 AADL 2 \u00e0 Ouargla viennent de lancer un cris de d\u00e9tresse \u00e0 destination du\u00a0 Minist\u00e8re de l&rsquo;habitat et de la Direction g\u00e9n\u00e9rale de l\u2019AADL, afin de d\u00e9noncer l\u2019injustice et la hogra qui s\u00e9vit depuis 2013. En effet,\u00a0\u00a0 apr\u00e8s 8 ans de souscription et d\u2019attente\u00a0 et des centaines de millions vers\u00e9es en location, [&hellip;]<\/p>\n","protected":false},"author":1740,"featured_media":0,"comment_status":"closed","ping_status":"closed","sticky":false,"template":"","format":"standard","meta":{"fifu_image_url":"","fifu_image_alt":"","footnotes":""},"categories":[53,76],"tags":[],"class_list":["post-44897","post","type-post","status-publish","format-standard","hentry","category-algerie","category-regions"],"_links":{"self":[{"href":"https:\/\/linitiative.ca\/International\/wp-json\/wp\/v2\/posts\/44897","targetHints":{"allow":["GET"]}}],"collection":[{"href":"https:\/\/linitiative.ca\/International\/wp-json\/wp\/v2\/posts"}],"about":[{"href":"https:\/\/linitiative.ca\/International\/wp-json\/wp\/v2\/types\/post"}],"author":[{"embeddable":true,"href":"https:\/\/linitiative.ca\/International\/wp-json\/wp\/v2\/users\/1740"}],"replies":[{"embeddable":true,"href":"https:\/\/linitiative.ca\/International\/wp-json\/wp\/v2\/comments?post=44897"}],"version-history":[{"count":0,"href":"https:\/\/linitiative.ca\/International\/wp-json\/wp\/v2\/posts\/44897\/revisions"}],"wp:attachment":[{"href":"https:\/\/linitiative.ca\/International\/wp-json\/wp\/v2\/media?parent=44897"}],"wp:term":[{"taxonomy":"category","embeddable":true,"href":"https:\/\/linitiative.ca\/International\/wp-json\/wp\/v2\/categories?post=44897"},{"taxonomy":"post_tag","embeddable":true,"href":"https:\/\/linitiative.ca\/International\/wp-json\/wp\/v2\/tags?post=44897"}],"curies":[{"name":"wp","href":"https:\/\/api.w.org\/{rel}","templated":true}]}}