{"id":44898,"date":"2019-07-07T13:49:00","date_gmt":"2019-07-07T17:49:00","guid":{"rendered":"https:\/\/linitiative.ca\/International\/services-meteorologiques-les-entreprises-invitees-a-se-rapprocher-de-la-station\/"},"modified":"2019-07-07T13:49:00","modified_gmt":"2019-07-07T17:49:00","slug":"services-meteorologiques-les-entreprises-invitees-a-se-rapprocher-de-la-station","status":"publish","type":"post","link":"https:\/\/linitiative.ca\/International\/services-meteorologiques-les-entreprises-invitees-a-se-rapprocher-de-la-station\/","title":{"rendered":"SERVICES METEOROLOGIQUES : Les entreprises  invit\u00e9es \u00e0 se rapprocher de la station"},"content":{"rendered":"<p><br id=\"sep_para_1\" class=\"sep_para access\"\/><\/p>\n<div id=\"para_1\" class=\"para_32042355 resize\">\n<div class=\"texte access firstletter\">La wilaya der Mostaganem a connu depuis deux jours un pic de chaleur o\u00f9 la temp\u00e9rature de l\u2019atmosph\u00e8re a atteint\u00a0 40 degr\u00e9s, voir 50\u00b0 dans certaines r\u00e9gions comme \u00ab Bouguirat \u00bb Dans ce contexte ,les entreprises, y compris les propri\u00e9taires de bateaux de p\u00eache, ainsi que les agriculteurs , la chambre\u00a0 de l\u2019agriculture, et les ports de p\u00eache sont invit\u00e9s \u00e0 se rapprocher\u00a0 de la station des services m\u00e9t\u00e9orologiques de Mostaganem , en vue de recevoir \u00e0 temps et de fa\u00e7on permanente le bilan m\u00e9t\u00e9orologique, car\u00a0 il a \u00e9t\u00e9 constat\u00e9 que plusieurs entreprises n\u2019accordent d\u00e9sormais aucun int\u00e9r\u00eat \u00e0 cela, qu\u2019une fois qu\u2019elles se trouvent confront\u00e9es aux difficult\u00e9s des conditions climatiques, alors la question qui reste pos\u00e9e, pourquoi les entreprises, particuli\u00e8rement celles qui ont un lien avec des travaux et services maritimes, affichent-elles\u00a0 un tel retard pour signer les accords malgr\u00e9 leur besoin pressant pour l\u2019information des changements m\u00e9t\u00e9orologiques.\u00a0\u00a0\u00a0\u00a0\u00a0\u00a0<\/div>\n<\/div>\n<p>Auteur: G Yacine<br \/>\n<a href=\"https:\/\/www.reflexiondz.net\/SERVICES-METEOROLOGIQUES-Les-entreprises-invitees-a-se-rapprocher-de-la-station_a56449.html\">Cliquez ici pour lire l&rsquo;article depuis sa source.<\/a><\/p>\n","protected":false},"excerpt":{"rendered":"<p>La wilaya der Mostaganem a connu depuis deux jours un pic de chaleur o\u00f9 la temp\u00e9rature de l\u2019atmosph\u00e8re a atteint\u00a0 40 degr\u00e9s, voir 50\u00b0 dans certaines r\u00e9gions comme \u00ab Bouguirat \u00bb Dans ce contexte ,les entreprises, y compris les propri\u00e9taires de bateaux de p\u00eache, ainsi que les agriculteurs , la chambre\u00a0 de l\u2019agriculture, et les [&hellip;]<\/p>\n","protected":false},"author":1740,"featured_media":0,"comment_status":"closed","ping_status":"closed","sticky":false,"template":"","format":"standard","meta":{"fifu_image_url":"","fifu_image_alt":"","footnotes":""},"categories":[53,76],"tags":[],"class_list":["post-44898","post","type-post","status-publish","format-standard","hentry","category-algerie","category-regions"],"_links":{"self":[{"href":"https:\/\/linitiative.ca\/International\/wp-json\/wp\/v2\/posts\/44898","targetHints":{"allow":["GET"]}}],"collection":[{"href":"https:\/\/linitiative.ca\/International\/wp-json\/wp\/v2\/posts"}],"about":[{"href":"https:\/\/linitiative.ca\/International\/wp-json\/wp\/v2\/types\/post"}],"author":[{"embeddable":true,"href":"https:\/\/linitiative.ca\/International\/wp-json\/wp\/v2\/users\/1740"}],"replies":[{"embeddable":true,"href":"https:\/\/linitiative.ca\/International\/wp-json\/wp\/v2\/comments?post=44898"}],"version-history":[{"count":0,"href":"https:\/\/linitiative.ca\/International\/wp-json\/wp\/v2\/posts\/44898\/revisions"}],"wp:attachment":[{"href":"https:\/\/linitiative.ca\/International\/wp-json\/wp\/v2\/media?parent=44898"}],"wp:term":[{"taxonomy":"category","embeddable":true,"href":"https:\/\/linitiative.ca\/International\/wp-json\/wp\/v2\/categories?post=44898"},{"taxonomy":"post_tag","embeddable":true,"href":"https:\/\/linitiative.ca\/International\/wp-json\/wp\/v2\/tags?post=44898"}],"curies":[{"name":"wp","href":"https:\/\/api.w.org\/{rel}","templated":true}]}}