{"id":44899,"date":"2019-07-07T13:49:00","date_gmt":"2019-07-07T17:49:00","guid":{"rendered":"https:\/\/linitiative.ca\/International\/apc-de-mostaganem-presentation-du-pos-des-falaises-de-la-salamandre\/"},"modified":"2019-07-07T13:49:00","modified_gmt":"2019-07-07T17:49:00","slug":"apc-de-mostaganem-presentation-du-pos-des-falaises-de-la-salamandre","status":"publish","type":"post","link":"https:\/\/linitiative.ca\/International\/apc-de-mostaganem-presentation-du-pos-des-falaises-de-la-salamandre\/","title":{"rendered":"APC DE MOSTAGANEM : Pr\u00e9sentation du POS des falaises de la salamandre"},"content":{"rendered":"<p><br id=\"sep_para_1\" class=\"sep_para access\"\/><\/p>\n<div id=\"para_1\" class=\"para_32042353 resize\">\n<div class=\"texte access firstletter\">Une r\u00e9union technique et de travail de la commission POS, a eu lieu hier au si\u00e8ge de la commune de Mostaganem pour d\u00e9lib\u00e9rer sur l\u2019\u00e9tude du plan d\u2019occupation du sol (POS), des falaises de la salamandre dans la commune de Mostaganem, lanc\u00e9e en 2008. Apres la pr\u00e9sentation de l\u2019\u00e9tude qui a \u00e9t\u00e9 suivie de d\u00e9bats des \u00e9lus, les membres de l\u2019APC ont vot\u00e9 \u00e0 l&rsquo;unanimit\u00e9 et privil\u00e9gi\u00e9 d\u2019inscrire les lots 01 et 0 2 dans la case \u00e9quipement de soutien aux activit\u00e9s portuaires et l&rsquo;extension future du port pr\u00e9vue pour les bassins 03 et 04, ainsi que la n\u00e9cessit\u00e9 des besoins en locaux et services et parking \u00e0 \u00e9tages. Ce choix a \u00e9t\u00e9 retenu pour \u00e9viter le bradage du foncier maritime tr\u00e8s convoit\u00e9 par les promoteurs immobiliers et les particuliers. Cette r\u00e9union s&rsquo;est orient\u00e9e vers le verrouillage des lots 01 et 02 pour soutenir et pr\u00e9server le foncier pour la r\u00e9alisation des \u00e9quipements et projets d\u2019utilit\u00e9s publiques, tout en avantageant les activit\u00e9s de loisirs et de promenade dans cette zone touristique, pour ne pas en faire une zone morte apr\u00e8s les heures ouvrables du port. D&rsquo;autres rencontres sont pr\u00e9vues pour enrichir les d\u00e9bats sur les objets \u00e0 implanter.<\/div>\n<\/div>\n<p>Auteur: Riad<br \/>\n<a href=\"https:\/\/www.reflexiondz.net\/APC-DE-MOSTAGANEM-Presentation-du-POS-des-falaises-de-la-salamandre_a56447.html\">Cliquez ici pour lire l&rsquo;article depuis sa source.<\/a><\/p>\n","protected":false},"excerpt":{"rendered":"<p>Une r\u00e9union technique et de travail de la commission POS, a eu lieu hier au si\u00e8ge de la commune de Mostaganem pour d\u00e9lib\u00e9rer sur l\u2019\u00e9tude du plan d\u2019occupation du sol (POS), des falaises de la salamandre dans la commune de Mostaganem, lanc\u00e9e en 2008. Apres la pr\u00e9sentation de l\u2019\u00e9tude qui a \u00e9t\u00e9 suivie de d\u00e9bats [&hellip;]<\/p>\n","protected":false},"author":1740,"featured_media":0,"comment_status":"closed","ping_status":"closed","sticky":false,"template":"","format":"standard","meta":{"fifu_image_url":"","fifu_image_alt":"","footnotes":""},"categories":[53,76],"tags":[],"class_list":["post-44899","post","type-post","status-publish","format-standard","hentry","category-algerie","category-regions"],"_links":{"self":[{"href":"https:\/\/linitiative.ca\/International\/wp-json\/wp\/v2\/posts\/44899","targetHints":{"allow":["GET"]}}],"collection":[{"href":"https:\/\/linitiative.ca\/International\/wp-json\/wp\/v2\/posts"}],"about":[{"href":"https:\/\/linitiative.ca\/International\/wp-json\/wp\/v2\/types\/post"}],"author":[{"embeddable":true,"href":"https:\/\/linitiative.ca\/International\/wp-json\/wp\/v2\/users\/1740"}],"replies":[{"embeddable":true,"href":"https:\/\/linitiative.ca\/International\/wp-json\/wp\/v2\/comments?post=44899"}],"version-history":[{"count":0,"href":"https:\/\/linitiative.ca\/International\/wp-json\/wp\/v2\/posts\/44899\/revisions"}],"wp:attachment":[{"href":"https:\/\/linitiative.ca\/International\/wp-json\/wp\/v2\/media?parent=44899"}],"wp:term":[{"taxonomy":"category","embeddable":true,"href":"https:\/\/linitiative.ca\/International\/wp-json\/wp\/v2\/categories?post=44899"},{"taxonomy":"post_tag","embeddable":true,"href":"https:\/\/linitiative.ca\/International\/wp-json\/wp\/v2\/tags?post=44899"}],"curies":[{"name":"wp","href":"https:\/\/api.w.org\/{rel}","templated":true}]}}