{"id":44901,"date":"2019-07-07T13:49:00","date_gmt":"2019-07-07T17:49:00","guid":{"rendered":"https:\/\/linitiative.ca\/International\/sidi-bel-abbes-les-pelerins-en-colere-apres-le-report-de-leur-voyage\/"},"modified":"2019-07-07T13:49:00","modified_gmt":"2019-07-07T17:49:00","slug":"sidi-bel-abbes-les-pelerins-en-colere-apres-le-report-de-leur-voyage","status":"publish","type":"post","link":"https:\/\/linitiative.ca\/International\/sidi-bel-abbes-les-pelerins-en-colere-apres-le-report-de-leur-voyage\/","title":{"rendered":"SIDI BEL ABBES : Les p\u00e8lerins  en col\u00e8re apr\u00e8s le  report de leur voyage"},"content":{"rendered":"<p><br id=\"sep_para_1\" class=\"sep_para access\"\/><\/p>\n<div id=\"para_1\" class=\"para_32042344 resize\">\n<div class=\"texte access firstletter\">Les centaines de hadjis de la wilaya de Sidi Bel Abb\u00e8s, n&rsquo;ont pas cess\u00e9 d&rsquo;exprimer leur m\u00e9contentement, voire leur courroux, suite \u00e0 la d\u00e9cision prise par les responsables des services concern\u00e9s de la Direction des affaires religieuses ,portant sur le report du voyage aux lieux saints programm\u00e9\u00a0 jusqu&rsquo;au 06 ao\u00fbt prochain ,contrairement \u00e0 la date initiale ,pr\u00e9vue le 17 du mois en cours, soit 19 jours de retard. \u00ab\u00a0Nous ne savons comment exprimer notre col\u00e8re devant cette d\u00e9cision qui tombe subitement tel un couperet, diront-ils, sans pour autant que nous\u00a0 soyons pr\u00e9venus, apr\u00e8s tous les pr\u00e9paratifs et autres mesures prises pour aller \u00e0 la Mecque, lieu de d\u00e9votion, accomplir le p\u00e8lerinage \u00ab\u00a0! D&rsquo;autres rench\u00e9rissent : \u00ab\u00a0Nous avons pourtant pay\u00e9 la somme colossale de 53 millions de centimes, juste pour un s\u00e9jour d&rsquo;un mois, toutes charges incluses. Nous ne saurions si nous avons droit \u00e0\u00a0 des remboursements de la diff\u00e9rence p\u00e9cuniaire restante .Et nous nous sommes adress\u00e9s aux services concern\u00e9s pour nous enqu\u00e9rir des raisons de ce report, mais c&rsquo;\u00e9tait peine perdue \u00ab\u00a0.\u00a0\u00a0\u00a0\u00a0\u00a0\u00a0\u00a0\u00a0\u00a0\u00a0\u00a0\u00a0<\/div>\n<\/div>\n<p>Auteur: Noui Moussa<br \/>\n<a href=\"https:\/\/www.reflexiondz.net\/SIDI-BEL-ABBES-Les-pelerins-en-colere-apres-le-report-de-leur-voyage_a56445.html\">Cliquez ici pour lire l&rsquo;article depuis sa source.<\/a><\/p>\n","protected":false},"excerpt":{"rendered":"<p>Les centaines de hadjis de la wilaya de Sidi Bel Abb\u00e8s, n&rsquo;ont pas cess\u00e9 d&rsquo;exprimer leur m\u00e9contentement, voire leur courroux, suite \u00e0 la d\u00e9cision prise par les responsables des services concern\u00e9s de la Direction des affaires religieuses ,portant sur le report du voyage aux lieux saints programm\u00e9\u00a0 jusqu&rsquo;au 06 ao\u00fbt prochain ,contrairement \u00e0 la date [&hellip;]<\/p>\n","protected":false},"author":1740,"featured_media":0,"comment_status":"closed","ping_status":"closed","sticky":false,"template":"","format":"standard","meta":{"fifu_image_url":"","fifu_image_alt":"","footnotes":""},"categories":[53,76],"tags":[],"class_list":["post-44901","post","type-post","status-publish","format-standard","hentry","category-algerie","category-regions"],"_links":{"self":[{"href":"https:\/\/linitiative.ca\/International\/wp-json\/wp\/v2\/posts\/44901","targetHints":{"allow":["GET"]}}],"collection":[{"href":"https:\/\/linitiative.ca\/International\/wp-json\/wp\/v2\/posts"}],"about":[{"href":"https:\/\/linitiative.ca\/International\/wp-json\/wp\/v2\/types\/post"}],"author":[{"embeddable":true,"href":"https:\/\/linitiative.ca\/International\/wp-json\/wp\/v2\/users\/1740"}],"replies":[{"embeddable":true,"href":"https:\/\/linitiative.ca\/International\/wp-json\/wp\/v2\/comments?post=44901"}],"version-history":[{"count":0,"href":"https:\/\/linitiative.ca\/International\/wp-json\/wp\/v2\/posts\/44901\/revisions"}],"wp:attachment":[{"href":"https:\/\/linitiative.ca\/International\/wp-json\/wp\/v2\/media?parent=44901"}],"wp:term":[{"taxonomy":"category","embeddable":true,"href":"https:\/\/linitiative.ca\/International\/wp-json\/wp\/v2\/categories?post=44901"},{"taxonomy":"post_tag","embeddable":true,"href":"https:\/\/linitiative.ca\/International\/wp-json\/wp\/v2\/tags?post=44901"}],"curies":[{"name":"wp","href":"https:\/\/api.w.org\/{rel}","templated":true}]}}