{"id":44914,"date":"2019-07-07T02:00:00","date_gmt":"2019-07-07T06:00:00","guid":{"rendered":"https:\/\/linitiative.ca\/International\/me-brahim-bouderbala-elu-batonnier-des-avocats-de-tunisie-album-photos\/"},"modified":"2019-07-07T02:00:00","modified_gmt":"2019-07-07T06:00:00","slug":"me-brahim-bouderbala-elu-batonnier-des-avocats-de-tunisie-album-photos","status":"publish","type":"post","link":"https:\/\/linitiative.ca\/International\/me-brahim-bouderbala-elu-batonnier-des-avocats-de-tunisie-album-photos\/","title":{"rendered":"Me Brahim Bouderbala \u00e9lu b\u00e2tonnier des avocats de Tunisie (Album Photos)"},"content":{"rendered":"<p>Les avocats de Tunisie ont port\u00e9 \u00e0 la t\u00eate du conseil national de leur ordre, Me Brahim Bouderbala, 67 ans, pour un mandat de trois ans (2019 \u2013 2022), \u00e0 l\u2019issue des <a href=\"https:\/\/www.leaders.com.tn\/article\/27363-boubaker-ben-thabet-et-brahim-bouderbala\">\u00e9lections tenues samedi 6 juillet 2019<\/a> \u00e0 la Charguia,Tunis. Il l\u2019a emport\u00e9, au deuxi\u00e8me tour, face \u00e0 son principal comp\u00e9titeur Me Boubaker Ben Thabet, succ\u00e9dant ainsi \u00e0 Me Ameur Mehrezi (2016 &#8211; 2019).<\/p>\n<p>Le nouveau b\u00e2tonnier des avocats Me Bouderbala, incarne la \u00ab\u00a0ligne professionnelle, ind\u00e9pendante de tout engagement politique et partisan\u00a0\u00bb et jouit d\u2019une longue exp\u00e9rience dans les instances de la profession. C\u2019est ainsi qu\u2019il avait \u00e9t\u00e9 pr\u00e9sident de l&rsquo;Association Tunisienne des jeunes avocats (ATJA) de 1983 \u00e0 1985 et \u00e9lu membre du Conseil de l&rsquo;Ordre des avocats en 1989 et 1992, puis t pr\u00e9sident de la section de Tunis \u00e0 deux reprises en 1995 et 1998.<\/p>\n<p>Auteur:<br \/>\n<a href=\"https:\/\/www.leaders.com.tn\/article\/27454-me-brahim-bouderbala-elu-batonnier-des-avocats-de-tunisie\">Cliquez ici pour lire l&rsquo;article depuis sa source.<\/a><\/p>\n","protected":false},"excerpt":{"rendered":"<p>Les avocats de Tunisie ont port\u00e9 \u00e0 la t\u00eate du conseil national de leur ordre, Me Brahim Bouderbala, 67 ans, pour un mandat de trois ans (2019 \u2013 2022), \u00e0 l\u2019issue des \u00e9lections tenues samedi 6 juillet 2019 \u00e0 la Charguia,Tunis. Il l\u2019a emport\u00e9, au deuxi\u00e8me tour, face \u00e0 son principal comp\u00e9titeur Me Boubaker Ben [&hellip;]<\/p>\n","protected":false},"author":1772,"featured_media":0,"comment_status":"closed","ping_status":"closed","sticky":false,"template":"","format":"standard","meta":{"fifu_image_url":"","fifu_image_alt":"","footnotes":""},"categories":[73,55],"tags":[],"class_list":["post-44914","post","type-post","status-publish","format-standard","hentry","category-actualite","category-tunisie"],"_links":{"self":[{"href":"https:\/\/linitiative.ca\/International\/wp-json\/wp\/v2\/posts\/44914","targetHints":{"allow":["GET"]}}],"collection":[{"href":"https:\/\/linitiative.ca\/International\/wp-json\/wp\/v2\/posts"}],"about":[{"href":"https:\/\/linitiative.ca\/International\/wp-json\/wp\/v2\/types\/post"}],"author":[{"embeddable":true,"href":"https:\/\/linitiative.ca\/International\/wp-json\/wp\/v2\/users\/1772"}],"replies":[{"embeddable":true,"href":"https:\/\/linitiative.ca\/International\/wp-json\/wp\/v2\/comments?post=44914"}],"version-history":[{"count":0,"href":"https:\/\/linitiative.ca\/International\/wp-json\/wp\/v2\/posts\/44914\/revisions"}],"wp:attachment":[{"href":"https:\/\/linitiative.ca\/International\/wp-json\/wp\/v2\/media?parent=44914"}],"wp:term":[{"taxonomy":"category","embeddable":true,"href":"https:\/\/linitiative.ca\/International\/wp-json\/wp\/v2\/categories?post=44914"},{"taxonomy":"post_tag","embeddable":true,"href":"https:\/\/linitiative.ca\/International\/wp-json\/wp\/v2\/tags?post=44914"}],"curies":[{"name":"wp","href":"https:\/\/api.w.org\/{rel}","templated":true}]}}