{"id":44918,"date":"2019-07-07T06:01:00","date_gmt":"2019-07-07T10:01:00","guid":{"rendered":"https:\/\/linitiative.ca\/International\/le-marche-commun-africain-52-pays-demarre-ce-dimanche-a-niamey-suppression-des-droits-de-douanes-sur-90-des-produits\/"},"modified":"2019-07-07T06:01:00","modified_gmt":"2019-07-07T10:01:00","slug":"le-marche-commun-africain-52-pays-demarre-ce-dimanche-a-niamey-suppression-des-droits-de-douanes-sur-90-des-produits","status":"publish","type":"post","link":"https:\/\/linitiative.ca\/International\/le-marche-commun-africain-52-pays-demarre-ce-dimanche-a-niamey-suppression-des-droits-de-douanes-sur-90-des-produits\/","title":{"rendered":"Le march\u00e9 commun africain (52 pays) d\u00e9marre ce dimanche \u00e0 Niamey : Suppression des droits de douanes sur 90% des produits"},"content":{"rendered":"<p><span class=\"c2\"><strong>La Tunisie en sera b\u00e9n\u00e9ficiaire.<\/strong><\/span> Un grand march\u00e9 de 1.2 milliards de consommateurs dans 55 pays du continent africain, sans barri\u00e8res tarifaires pour la quasi-totalit\u00e9 des biens\u00a0: le v\u0153u pieux des p\u00e8res du panafricanisme commence \u00e0 se r\u00e9aliser. Avec la ratification des parlements de 24 pays signataires (sur 52), l\u2019accord sur la zone de libre-\u00e9change continentale africaine (Zlecaf) entre en vigueur ce dimanche 7 juillet, c\u00e9l\u00e9br\u00e9 par une journ\u00e9e sp\u00e9ciale organis\u00e9e \u00e0 la veille du XII\u00e8me sommet extraordinaire au niveau de chefs d\u2019Etat, de l\u2019Union africaine qui se tient d\u00e8s ce lundi 8 juillet \u00e0 Niamey (Niger).<\/p>\n<p>Au nom\u00a0 de la Tunisie, le pr\u00e9sident B\u00e9ji Ca\u00efd Essebsi y est repr\u00e9sent\u00e9 par le ministre des Affaires \u00e9trang\u00e8res, Khemaies Jhinaoui, arriv\u00e9 samedi dans la capitale nig\u00e9rienne \u00e0 la t\u00eate d\u2019une importante d\u00e9l\u00e9gation. La d\u00e9l\u00e9gation tunisienne est compos\u00e9e notamment des ambassadeurs Kais Kabtni (Addis-Abeba), Mohamed Kahloun (Ouagadougou), et Karim Ben Becher, directeur Afrique, ainsi que Wassim Ben Salem, membre de l\u2019ambassade de Tunisie \u00e0 Addis Abeba.<\/p>\n<p class=\"c3\"><img loading=\"lazy\" decoding=\"async\" src=\"\/uploads\/FCK_files\/Khloun.jpg\" width=\"700\" height=\"427\" vspace=\"5\" hspace=\"5\" align=\"middle\" alt=\"\"\/><\/p>\n<p>G\u00e9n\u00e9rant un gain additionnel de 300 milliards de dollars et la cr\u00e9ation d\u2019au moins 300.000 emplois directs et 2 millions, indirects, sur cinq ans, cet accord portera le commerce interafricain de 15-18% actuellement \u00e0 25% \u00e0 l\u2019horizon 2023 (il est de 61% en Asie et 68% en Europe).<a href=\"https:\/\/au.int\/fr\/pressreleases\/20190531\/un-an-zlecaf-le-chemin-parcouru-et-le-chemin-vers-le-lancement\"><br \/><\/a><\/p>\n<p><a href=\"https:\/\/au.int\/fr\/pressreleases\/20190531\/un-an-zlecaf-le-chemin-parcouru-et-le-chemin-vers-le-lancement\">Le lancement de la phase op\u00e9rationnelle de la Zlecaf,<\/a> un an apr\u00e8s sa constitution est marqu\u00e9e par la mise en ligne d\u2019un portail \u00e9lectronique, le lancement du syst\u00e8me panafricain des paiements et des r\u00e8glements, par le pr\u00e9sident Abdelfettah Sissi, pr\u00e9sident en exercice de l&rsquo;UA, ainsi que de l\u2019Observatoire africain du Commerce (tableau cde bord).<\/p>\n<p class=\"c3\"><img loading=\"lazy\" decoding=\"async\" src=\"\/uploads\/FCK_files\/Famille(2).jpg\" width=\"700\" height=\"320\" vspace=\"5\" hspace=\"5\" align=\"middle\" alt=\"\"\/><\/p>\n<p>Outre le pr\u00e9sident de la Commission de l&rsquo;UA, Moussa Mhamat Feki et le pr\u00e9sident egyptien Sissi, pas moins de six chefs d&rsquo;Etat prendront la parole \u00e0 cette occasion.\u00a0Il s&rsquo;agit des pr\u00e9sidents Mahamadou Issoufou (Niger), Idriss Deby Into (Tchad), Paul Kagam\u00e9 (Rwanda), Fayez al-Sarraj (Libye), Dr Hage G. Geingob (Namibie), Cyril Raphamosa (Afrique du Sud), de la pr\u00e9sidente de l\u2019Ethiopie, Sahlework -Zwede et roi de l&rsquo;Eswatini, ex-royaume du Swaziland,\u00a0sa Majest\u00e9 Mswati\u00a0III. Se succ\u00e8deront \u00e9galement sur le podium Roberto Azevedo, directeur g\u00e9n\u00e9ral de l&rsquo;Organisation mondiale du commerce, Mukhisa Kituyi (CNUCED), Ancha Gonzalez et Neven Mimica (UE), ainsi que Benedict Okey Oramah\u00a0pr\u00e9sidente du conseil d\u2019administration de la banque africaine d\u2019import export (Afreximbank).<\/p>\n<p>\u00ab\u00a0C\u2019est un excellent d\u00e9but, commente depuis Niamey un diplomate proche du dossier, \u00e0 Leaders. Il s\u2019agit \u00e0 pr\u00e9sent d\u2019acc\u00e9l\u00e9rer la mise en \u0153uvre des instruments d\u2019appui, ajoute-t-il, notamment la liste des concessions tarifaires sur le commerce des biens, les m\u00e9canismes en ligne de surveillance et d\u2019\u00e9limination des barri\u00e8res non-tarifaires, la plateforme des paiements et autres.\u00a0Et d\u2019inciter les pays qui n\u2019ont pas signer l\u2019accord \u00e0 le faire et les signataires \u00e0 le faire ratifier par leurs parlements. \u00bb<\/p>\n<p>Cette ardeur est cependant temp\u00e9r\u00e9e par des experts \u00e9conomiques qui ne manquent de signaler les multiples entraves \u00e0 surmonter. Ils s\u2019attendent \u00e0 des difficult\u00e9s dans la d\u00e9finition des r\u00e8gles d\u2019origine des produits et mentionnent la faiblesse du tissu industriel, les probl\u00e8mes d\u2019infrastructure et de logistiques ainsi que l\u2019importante question du financement. \u00ab\u00a0Un long parcours commence toujours par un petit pas. La Tunisie y a toujours cru et \u0153uvr\u00e9, jouant un r\u00f4le tr\u00e8s actif pour la cr\u00e9ation de la Zlecaf et \u00e0 pr\u00e9sent son entr\u00e9e en vigueur, confie \u00e0 Leaders une source tunisienne depuis Niamey.\u00a0\u00bb<\/p>\n<p><strong>T.H.<\/strong><\/p>\n<p>Auteur:<br \/>\n<a href=\"https:\/\/www.leaders.com.tn\/article\/27455-le-marche-commun-africain-52-pays-demarre-ce-dimanche-a-niamey-suppression-des-droits-de-douanes-sur-90-des-produits\">Cliquez ici pour lire l&rsquo;article depuis sa source.<\/a><\/p>\n","protected":false},"excerpt":{"rendered":"<p>La Tunisie en sera b\u00e9n\u00e9ficiaire. Un grand march\u00e9 de 1.2 milliards de consommateurs dans 55 pays du continent africain, sans barri\u00e8res tarifaires pour la quasi-totalit\u00e9 des biens\u00a0: le v\u0153u pieux des p\u00e8res du panafricanisme commence \u00e0 se r\u00e9aliser. Avec la ratification des parlements de 24 pays signataires (sur 52), l\u2019accord sur la zone de libre-\u00e9change [&hellip;]<\/p>\n","protected":false},"author":1772,"featured_media":44919,"comment_status":"closed","ping_status":"closed","sticky":false,"template":"","format":"standard","meta":{"fifu_image_url":"","fifu_image_alt":"","footnotes":""},"categories":[73,55],"tags":[],"class_list":["post-44918","post","type-post","status-publish","format-standard","has-post-thumbnail","hentry","category-actualite","category-tunisie"],"_links":{"self":[{"href":"https:\/\/linitiative.ca\/International\/wp-json\/wp\/v2\/posts\/44918","targetHints":{"allow":["GET"]}}],"collection":[{"href":"https:\/\/linitiative.ca\/International\/wp-json\/wp\/v2\/posts"}],"about":[{"href":"https:\/\/linitiative.ca\/International\/wp-json\/wp\/v2\/types\/post"}],"author":[{"embeddable":true,"href":"https:\/\/linitiative.ca\/International\/wp-json\/wp\/v2\/users\/1772"}],"replies":[{"embeddable":true,"href":"https:\/\/linitiative.ca\/International\/wp-json\/wp\/v2\/comments?post=44918"}],"version-history":[{"count":0,"href":"https:\/\/linitiative.ca\/International\/wp-json\/wp\/v2\/posts\/44918\/revisions"}],"wp:featuredmedia":[{"embeddable":true,"href":"https:\/\/linitiative.ca\/International\/wp-json\/"}],"wp:attachment":[{"href":"https:\/\/linitiative.ca\/International\/wp-json\/wp\/v2\/media?parent=44918"}],"wp:term":[{"taxonomy":"category","embeddable":true,"href":"https:\/\/linitiative.ca\/International\/wp-json\/wp\/v2\/categories?post=44918"},{"taxonomy":"post_tag","embeddable":true,"href":"https:\/\/linitiative.ca\/International\/wp-json\/wp\/v2\/tags?post=44918"}],"curies":[{"name":"wp","href":"https:\/\/api.w.org\/{rel}","templated":true}]}}