{"id":44922,"date":"2019-07-07T06:00:00","date_gmt":"2019-07-07T10:00:00","guid":{"rendered":"https:\/\/linitiative.ca\/International\/dimportantes-infrastructures-inaugurees\/"},"modified":"2019-07-07T06:00:00","modified_gmt":"2019-07-07T10:00:00","slug":"dimportantes-infrastructures-inaugurees","status":"publish","type":"post","link":"https:\/\/linitiative.ca\/International\/dimportantes-infrastructures-inaugurees\/","title":{"rendered":"D\u2019importantes infrastructures inaugur\u00e9es"},"content":{"rendered":"<p>Apr\u00e8s plus de trente ann\u00e9es d\u2019attente, les jeunes sportifs, toutes disciplines, cat\u00e9gories et des deux sexes disposeront depuis ce 5 juillet 2019 des installations sportives \u00e0 la mesure de leurs ambitions.<br \/>Cette comm\u00e9moration du 57e anniversaire de l\u2019Ind\u00e9pendance et de la jeunesse, tout est pr\u00eat pour recevoir les sportifs de l\u2019\u00e9lite dans cet \u00e9tablissement baptis\u00e9 : Centre de regroupement des sportifs d\u2019\u00e9lite-Doudou-Ali de Sera\u00efdi, au nom du gardien de but de la glorieuse \u00e9quipe du FLN perch\u00e9 \u00e0 quelque 700 m d\u2019altitude. Y ont \u00e9t\u00e9 r\u00e9nov\u00e9es, nouvellement r\u00e9alis\u00e9es et d\u2019autres r\u00e9am\u00e9nag\u00e9es diff\u00e9rentes et nombreuses installations sportives, telles que deux terrains de football dont un en gazon naturel, le second en synth\u00e9tique, plusieurs autres destin\u00e9s aux sports collectifs, une piscine semi-olympique, une piste de montagne de 2.000 km de long, une m\u00e9diath\u00e8que avec restaurant, caf\u00e9t\u00e9ria, salle de conf\u00e9rences\u2026<br \/>Cette r\u00e9ouverture \u00e9tait tr\u00e8s attendue par non seulement les sportifs nationaux mais elle est en mesure de satisfaire les besoins en termes de pr\u00e9paration technique et physique des athl\u00e8tes de haut niveau. \u00abCette infrastructure dot\u00e9e d\u2019\u00e9quipements de pr\u00e9paration tr\u00e8s sophistiqu\u00e9s fera le bonheur des athl\u00e8tes des clubs confront\u00e9s au probl\u00e8me de la disponibilit\u00e9 des ressources financi\u00e8res, particuli\u00e8rement celles en devises pour leur pr\u00e9paration d\u2019intersaison \u00e0 l\u2019\u00e9tranger\u00bb, a affirm\u00e9 le wali lors de son allocution faite \u00e0 l\u2019inauguration de l\u2019\u00e9tablissement.<br \/>Au titre de la deuxi\u00e8me \u00e9tape de la visite, la localit\u00e9 de Bouzizi qui culmine \u00e0 900 m disposera, dor\u00e9navant, d\u2019une agence postale \u00e9quip\u00e9e de moyens de paiement et d\u2019enregistrement \u00e9lectroniques.<br \/>Cette infrastructure \u00e9tait \u00e9galement attendue par la petite communaut\u00e9 dont les habitants \u00e9taient contraints de se d\u00e9placer \u00e0 Annaba y compris durant la p\u00e9riode hivernale avec la neige et le vent glacial pour leurs d\u00e9marches postales.<br \/>Tout autant que l\u2019ex-Creps et le nouvel \u00e9tablissement postal, la visite des responsables locaux \u00e9tait aussi attendue au centre hospitalier universitaire (CHU) de Annaba ; Et pour cause, ils devaient inaugurer le banaliseur des d\u00e9chets m\u00e9dicaux. Cette installation \u00e9tait tr\u00e8s attendue par la population avoisinante et surtout par le corps m\u00e9dical et param\u00e9dical de par les risques que repr\u00e9sentait l\u2019incin\u00e9ration des d\u00e9chets m\u00e9dicaux par les moyens traditionnels tr\u00e8s polluants.<br \/>Le banaliseur mettrait fin \u00e0 cette situation en ce sens que, dot\u00e9 de syst\u00e8me int\u00e9gr\u00e9 de vapeur, de compresseur d\u2019air, d\u2019adoucisseur d\u2019eau et autres, assure le traitement de 300 kg de d\u00e9chets m\u00e9dicaux toutes les 40 mn.<br \/>Et comme pour boucler la c\u00e9l\u00e9bration de la f\u00eate de l\u2019Ind\u00e9pendance et de la jeunesse, la wilaya a pr\u00e9vu la distribution de quelque 700 logements tous segments confondus (LPP, LPA, LPL). Ils ont fait hier, le bonheur d\u2019un m\u00eame nombre de familles regroup\u00e9es, pour la circonstance, \u00e0 la salle de l\u2019APW.<br \/>A. Bouacha<\/p>\n<p>Auteur:<br \/>\n<a href=\"https:\/\/www.lesoirdalgerie.com\/regions\/dimportantes-infrastructures-inaugurees-26633\">Cliquez ici pour lire l&rsquo;article depuis sa source.<\/a><\/p>\n","protected":false},"excerpt":{"rendered":"<p>Apr\u00e8s plus de trente ann\u00e9es d\u2019attente, les jeunes sportifs, toutes disciplines, cat\u00e9gories et des deux sexes disposeront depuis ce 5 juillet 2019 des installations sportives \u00e0 la mesure de leurs ambitions.Cette comm\u00e9moration du 57e anniversaire de l\u2019Ind\u00e9pendance et de la jeunesse, tout est pr\u00eat pour recevoir les sportifs de l\u2019\u00e9lite dans cet \u00e9tablissement baptis\u00e9 : [&hellip;]<\/p>\n","protected":false},"author":1741,"featured_media":0,"comment_status":"closed","ping_status":"closed","sticky":false,"template":"","format":"standard","meta":{"fifu_image_url":"","fifu_image_alt":"","footnotes":""},"categories":[73,53],"tags":[],"class_list":["post-44922","post","type-post","status-publish","format-standard","hentry","category-actualite","category-algerie"],"_links":{"self":[{"href":"https:\/\/linitiative.ca\/International\/wp-json\/wp\/v2\/posts\/44922","targetHints":{"allow":["GET"]}}],"collection":[{"href":"https:\/\/linitiative.ca\/International\/wp-json\/wp\/v2\/posts"}],"about":[{"href":"https:\/\/linitiative.ca\/International\/wp-json\/wp\/v2\/types\/post"}],"author":[{"embeddable":true,"href":"https:\/\/linitiative.ca\/International\/wp-json\/wp\/v2\/users\/1741"}],"replies":[{"embeddable":true,"href":"https:\/\/linitiative.ca\/International\/wp-json\/wp\/v2\/comments?post=44922"}],"version-history":[{"count":0,"href":"https:\/\/linitiative.ca\/International\/wp-json\/wp\/v2\/posts\/44922\/revisions"}],"wp:attachment":[{"href":"https:\/\/linitiative.ca\/International\/wp-json\/wp\/v2\/media?parent=44922"}],"wp:term":[{"taxonomy":"category","embeddable":true,"href":"https:\/\/linitiative.ca\/International\/wp-json\/wp\/v2\/categories?post=44922"},{"taxonomy":"post_tag","embeddable":true,"href":"https:\/\/linitiative.ca\/International\/wp-json\/wp\/v2\/tags?post=44922"}],"curies":[{"name":"wp","href":"https:\/\/api.w.org\/{rel}","templated":true}]}}