{"id":44924,"date":"2019-07-07T06:00:00","date_gmt":"2019-07-07T10:00:00","guid":{"rendered":"https:\/\/linitiative.ca\/International\/premiere-sortie-de-promotion-de-37-sages-femmes\/"},"modified":"2019-07-07T06:00:00","modified_gmt":"2019-07-07T10:00:00","slug":"premiere-sortie-de-promotion-de-37-sages-femmes","status":"publish","type":"post","link":"https:\/\/linitiative.ca\/International\/premiere-sortie-de-promotion-de-37-sages-femmes\/","title":{"rendered":"Premi\u00e8re sortie de promotion de 37 sages-femmes"},"content":{"rendered":"<p>37 sages-femmes ont b\u00e9n\u00e9fici\u00e9 d\u2019une formation th\u00e9orique et pratique de 5 ann\u00e9es. En effet, dans la journ\u00e9e de jeudi dernier, une c\u00e9r\u00e9monie a \u00e9t\u00e9 organis\u00e9e au niveau de l\u2019institut national de la formation sup\u00e9rieure param\u00e9dicale de Sidi-Bel-Abb\u00e8s \u00e0 l\u2019occasion de la sortie de cette premi\u00e8re promotion.<br \/>Dans le pass\u00e9, les sages-femmes \u00e9taient form\u00e9es dans d\u2019autres wilayas limitrophes (Tlemcen, Oran) sur une dur\u00e9e de 30 mois seulement. En ce qui concerne les 37 sages-femmes sortantes, 27 seront affect\u00e9es au niveau des structures sanitaires de Sidi-Bel-Abb\u00e8s, les 10 autres rejoindront la wilaya de A\u00efn T\u00e9mouchent.<br \/>Au cours de cette m\u00eame c\u00e9r\u00e9monie, une promotion de 187 param\u00e9dicaux (radiologue, laborantin, infirmiers, technicien sup\u00e9rieur de la m\u00e9decine du travail, kin\u00e9sith\u00e9rapeutes) a \u00e9t\u00e9 de sortie aussi pour rejoindre d\u2019autres structures sanitaires.<br \/>A.\u2008M.<\/p>\n<p>Auteur:<br \/>\n<a href=\"https:\/\/www.lesoirdalgerie.com\/regions\/premiere-sortie-de-promotion-de-37-sages-femmes-26631\">Cliquez ici pour lire l&rsquo;article depuis sa source.<\/a><\/p>\n","protected":false},"excerpt":{"rendered":"<p>37 sages-femmes ont b\u00e9n\u00e9fici\u00e9 d\u2019une formation th\u00e9orique et pratique de 5 ann\u00e9es. En effet, dans la journ\u00e9e de jeudi dernier, une c\u00e9r\u00e9monie a \u00e9t\u00e9 organis\u00e9e au niveau de l\u2019institut national de la formation sup\u00e9rieure param\u00e9dicale de Sidi-Bel-Abb\u00e8s \u00e0 l\u2019occasion de la sortie de cette premi\u00e8re promotion.Dans le pass\u00e9, les sages-femmes \u00e9taient form\u00e9es dans d\u2019autres wilayas [&hellip;]<\/p>\n","protected":false},"author":1741,"featured_media":0,"comment_status":"closed","ping_status":"closed","sticky":false,"template":"","format":"standard","meta":{"fifu_image_url":"","fifu_image_alt":"","footnotes":""},"categories":[73,53],"tags":[],"class_list":["post-44924","post","type-post","status-publish","format-standard","hentry","category-actualite","category-algerie"],"_links":{"self":[{"href":"https:\/\/linitiative.ca\/International\/wp-json\/wp\/v2\/posts\/44924","targetHints":{"allow":["GET"]}}],"collection":[{"href":"https:\/\/linitiative.ca\/International\/wp-json\/wp\/v2\/posts"}],"about":[{"href":"https:\/\/linitiative.ca\/International\/wp-json\/wp\/v2\/types\/post"}],"author":[{"embeddable":true,"href":"https:\/\/linitiative.ca\/International\/wp-json\/wp\/v2\/users\/1741"}],"replies":[{"embeddable":true,"href":"https:\/\/linitiative.ca\/International\/wp-json\/wp\/v2\/comments?post=44924"}],"version-history":[{"count":0,"href":"https:\/\/linitiative.ca\/International\/wp-json\/wp\/v2\/posts\/44924\/revisions"}],"wp:attachment":[{"href":"https:\/\/linitiative.ca\/International\/wp-json\/wp\/v2\/media?parent=44924"}],"wp:term":[{"taxonomy":"category","embeddable":true,"href":"https:\/\/linitiative.ca\/International\/wp-json\/wp\/v2\/categories?post=44924"},{"taxonomy":"post_tag","embeddable":true,"href":"https:\/\/linitiative.ca\/International\/wp-json\/wp\/v2\/tags?post=44924"}],"curies":[{"name":"wp","href":"https:\/\/api.w.org\/{rel}","templated":true}]}}