{"id":44925,"date":"2019-07-07T06:00:00","date_gmt":"2019-07-07T10:00:00","guid":{"rendered":"https:\/\/linitiative.ca\/International\/les-fortes-chaleurs-reviennent-en-force\/"},"modified":"2019-07-07T06:00:00","modified_gmt":"2019-07-07T10:00:00","slug":"les-fortes-chaleurs-reviennent-en-force","status":"publish","type":"post","link":"https:\/\/linitiative.ca\/International\/les-fortes-chaleurs-reviennent-en-force\/","title":{"rendered":"Les fortes chaleurs reviennent en force"},"content":{"rendered":"<p>Samedi 6 juillet 2019, tous les endroits de la wilaya sont en vigilance. Encore une journ\u00e9e br\u00fblante. Quarante-cinq degr\u00e9s enregistr\u00e9s dans l&rsquo;apr\u00e8s-midi.<br \/>La cit\u00e9 transpire encore \u00e0 grosses gouttes ce week-end \u00e0 cause des fortes chaleurs, d\u00e9clench\u00e9es depuis une dizaine de jours, \u00abavant des \u00e9pisodes de r\u00e9pit \u00e0 partir de dimanche\u00bb.<br \/>La canicule c\u00e9dera du terrain en d\u00e9but de semaine prochaine. Et le ph\u00e9nom\u00e8ne devrait devenir relativement moins intense, selon les services m\u00e9t\u00e9o. Pour les riverains, la situation s&rsquo;est r\u00e9v\u00e9l\u00e9e difficile. Lors de la derni\u00e8re session de l\u2019APW, des \u00e9lus locaux ont propos\u00e9 l\u2019am\u00e9nagement des horaires de travail pour la wilaya de Guelma en raison des vagues de chaleur extr\u00eames enregistr\u00e9es ces derni\u00e8res ann\u00e9es, o\u00f9 une surconsommation de l\u2019\u00e9lectricit\u00e9 pour la climatisation a \u00e9t\u00e9 signal\u00e9e, et les bourses modestes s\u2019adaptent comme elles peuvent.<br \/>\u00abNous souhaitons que ces \u00e9pisodes (caniculaires) ne mettent pas en p\u00e9ril la s\u00e9curit\u00e9 sanitaire des citoyens, notamment les personnes vuln\u00e9rables, et il est important que les secteurs concern\u00e9s se mobilisent pour les n\u00e9cessiteux, les malades chroniques, les personnes \u00e2g\u00e9es et les enfants\u00bb, a d\u00e9clar\u00e9 un praticien sp\u00e9cialiste exer\u00e7ant dans le secteur public.<br \/>Selon les pompiers, plusieurs cas de difficult\u00e9s respiratoires ont \u00e9t\u00e9 \u00e9vacu\u00e9s vers les structures de sant\u00e9 de la wilaya ces derniers jours, en raison des chaleurs extr\u00eames qui touchent la r\u00e9gion de Guelma.<br \/>Noureddine Guergour<\/p>\n<p>Auteur:<br \/>\n<a href=\"https:\/\/www.lesoirdalgerie.com\/regions\/les-fortes-chaleurs-reviennent-en-force-26630\">Cliquez ici pour lire l&rsquo;article depuis sa source.<\/a><\/p>\n","protected":false},"excerpt":{"rendered":"<p>Samedi 6 juillet 2019, tous les endroits de la wilaya sont en vigilance. Encore une journ\u00e9e br\u00fblante. Quarante-cinq degr\u00e9s enregistr\u00e9s dans l&rsquo;apr\u00e8s-midi.La cit\u00e9 transpire encore \u00e0 grosses gouttes ce week-end \u00e0 cause des fortes chaleurs, d\u00e9clench\u00e9es depuis une dizaine de jours, \u00abavant des \u00e9pisodes de r\u00e9pit \u00e0 partir de dimanche\u00bb.La canicule c\u00e9dera du terrain en [&hellip;]<\/p>\n","protected":false},"author":1741,"featured_media":0,"comment_status":"closed","ping_status":"closed","sticky":false,"template":"","format":"standard","meta":{"fifu_image_url":"","fifu_image_alt":"","footnotes":""},"categories":[73,53],"tags":[],"class_list":["post-44925","post","type-post","status-publish","format-standard","hentry","category-actualite","category-algerie"],"_links":{"self":[{"href":"https:\/\/linitiative.ca\/International\/wp-json\/wp\/v2\/posts\/44925","targetHints":{"allow":["GET"]}}],"collection":[{"href":"https:\/\/linitiative.ca\/International\/wp-json\/wp\/v2\/posts"}],"about":[{"href":"https:\/\/linitiative.ca\/International\/wp-json\/wp\/v2\/types\/post"}],"author":[{"embeddable":true,"href":"https:\/\/linitiative.ca\/International\/wp-json\/wp\/v2\/users\/1741"}],"replies":[{"embeddable":true,"href":"https:\/\/linitiative.ca\/International\/wp-json\/wp\/v2\/comments?post=44925"}],"version-history":[{"count":0,"href":"https:\/\/linitiative.ca\/International\/wp-json\/wp\/v2\/posts\/44925\/revisions"}],"wp:attachment":[{"href":"https:\/\/linitiative.ca\/International\/wp-json\/wp\/v2\/media?parent=44925"}],"wp:term":[{"taxonomy":"category","embeddable":true,"href":"https:\/\/linitiative.ca\/International\/wp-json\/wp\/v2\/categories?post=44925"},{"taxonomy":"post_tag","embeddable":true,"href":"https:\/\/linitiative.ca\/International\/wp-json\/wp\/v2\/tags?post=44925"}],"curies":[{"name":"wp","href":"https:\/\/api.w.org\/{rel}","templated":true}]}}