{"id":44926,"date":"2019-07-07T06:00:00","date_gmt":"2019-07-07T10:00:00","guid":{"rendered":"https:\/\/linitiative.ca\/International\/les-artistes-ont-enfin-leur-maison\/"},"modified":"2019-07-07T06:00:00","modified_gmt":"2019-07-07T10:00:00","slug":"les-artistes-ont-enfin-leur-maison","status":"publish","type":"post","link":"https:\/\/linitiative.ca\/International\/les-artistes-ont-enfin-leur-maison\/","title":{"rendered":"Les artistes ont, enfin, leur maison"},"content":{"rendered":"<div class=\"picture\"><img class=\"lazy\" data-original=\"\/data\/images\/article\/thumbs\/d-les-artistes-ont-enfin-leur-maison-7243a.jpg\"\/>\n<\/div>\n<p>Apr\u00e8s plusieurs ann\u00e9es de travaux, la maison des artistes de Blida vient enfin d\u2019ouvrir ses portes pour une \u00e9mancipation culturelle tant attendue.<br \/>Erig\u00e9e sur environ cinq cents m\u00e8tres carr\u00e9s avec un rez-de-chauss\u00e9e et deux \u00e9tages, la b\u00e2tisse a n\u00e9cessit\u00e9 un budget de 14 milliards de centimes de travaux. Elle a pour vocation de r\u00e9unir les artistes dans les diff\u00e9rentes disciplines, notamment l\u2019art plastique, le th\u00e9\u00e2tre et la musique d\u2019autant que des salles ont \u00e9t\u00e9 con\u00e7ues pour ce faire. Une galerie pour l\u2019exposition des tableaux de peinture se situe au rez-de-chauss\u00e9e, ainsi qu\u2019une petite salle de concert de 200 places. En somme, un petit fleuron architectural qui donnera de la motivation aux artistes de la ville des roses qui auront l\u2019occasion de faire valoir leur art sachant que Blida, qui a pourtant enfant\u00e9 de grandes figures artistiques, a \u00e9t\u00e9 malheureusement oubli\u00e9e.<br \/>Pour le directeur de la culture de Blida, Meshoub El Hadj, cette infrastructure est venue \u00e0 point nomm\u00e9 pour la relance de la culture et o\u00f9 les artistes et autres hommes de culture pourront s\u2019exprimer. \u00abla porte reste ouverte \u00e0 tous ceux qui d\u00e9sirent donner un plus \u00e0 la culture.\u00bb<br \/>Il importe de souligner qu\u2019un concert de musique a \u00e9t\u00e9 donn\u00e9 par de jeunes musiciens en herbe mais qui ont assur\u00e9 une prestation digne des grands.<br \/>M. B.<\/p>\n<p>Auteur:<br \/>\n<a href=\"https:\/\/www.lesoirdalgerie.com\/regions\/les-artistes-ont-enfin-leur-maison-26629\">Cliquez ici pour lire l&rsquo;article depuis sa source.<\/a><\/p>\n","protected":false},"excerpt":{"rendered":"<p>Apr\u00e8s plusieurs ann\u00e9es de travaux, la maison des artistes de Blida vient enfin d\u2019ouvrir ses portes pour une \u00e9mancipation culturelle tant attendue.Erig\u00e9e sur environ cinq cents m\u00e8tres carr\u00e9s avec un rez-de-chauss\u00e9e et deux \u00e9tages, la b\u00e2tisse a n\u00e9cessit\u00e9 un budget de 14 milliards de centimes de travaux. Elle a pour vocation de r\u00e9unir les artistes [&hellip;]<\/p>\n","protected":false},"author":1741,"featured_media":0,"comment_status":"closed","ping_status":"closed","sticky":false,"template":"","format":"standard","meta":{"fifu_image_url":"","fifu_image_alt":"","footnotes":""},"categories":[73,53],"tags":[],"class_list":["post-44926","post","type-post","status-publish","format-standard","hentry","category-actualite","category-algerie"],"_links":{"self":[{"href":"https:\/\/linitiative.ca\/International\/wp-json\/wp\/v2\/posts\/44926","targetHints":{"allow":["GET"]}}],"collection":[{"href":"https:\/\/linitiative.ca\/International\/wp-json\/wp\/v2\/posts"}],"about":[{"href":"https:\/\/linitiative.ca\/International\/wp-json\/wp\/v2\/types\/post"}],"author":[{"embeddable":true,"href":"https:\/\/linitiative.ca\/International\/wp-json\/wp\/v2\/users\/1741"}],"replies":[{"embeddable":true,"href":"https:\/\/linitiative.ca\/International\/wp-json\/wp\/v2\/comments?post=44926"}],"version-history":[{"count":0,"href":"https:\/\/linitiative.ca\/International\/wp-json\/wp\/v2\/posts\/44926\/revisions"}],"wp:attachment":[{"href":"https:\/\/linitiative.ca\/International\/wp-json\/wp\/v2\/media?parent=44926"}],"wp:term":[{"taxonomy":"category","embeddable":true,"href":"https:\/\/linitiative.ca\/International\/wp-json\/wp\/v2\/categories?post=44926"},{"taxonomy":"post_tag","embeddable":true,"href":"https:\/\/linitiative.ca\/International\/wp-json\/wp\/v2\/tags?post=44926"}],"curies":[{"name":"wp","href":"https:\/\/api.w.org\/{rel}","templated":true}]}}