{"id":44931,"date":"2019-07-07T06:00:00","date_gmt":"2019-07-07T10:00:00","guid":{"rendered":"https:\/\/linitiative.ca\/International\/une-femme-meurt-par-electrocution\/"},"modified":"2019-07-07T06:00:00","modified_gmt":"2019-07-07T10:00:00","slug":"une-femme-meurt-par-electrocution","status":"publish","type":"post","link":"https:\/\/linitiative.ca\/International\/une-femme-meurt-par-electrocution\/","title":{"rendered":"Une femme meurt par \u00e9lectrocution"},"content":{"rendered":"<p>Une femme \u00e2g\u00e9e de 55 ans est morte \u00e9lectrocut\u00e9e par un fil tomb\u00e9 \u00e0 terre au douar Bourahla relevant de la commune de Hassi Mam\u00e8che, ce samedi 6 juillet 2019. Selon le communiqu\u00e9 de la Protection civile, la victime aurait re\u00e7u une d\u00e9charge \u00e9lectrique de 3 000 volts. Son\u00a0 corps\u00a0 a \u00e9t\u00e9 transport\u00e9 par les pompiers au service de la m\u00e9decine l\u00e9gale\u00a0 de l\u2019h\u00f4pital de Mostaganem. La Gendarmerie nationale a ouvert une enqu\u00eate<br \/>A. B.<\/p>\n<p>Auteur:<br \/>\n<a href=\"https:\/\/www.lesoirdalgerie.com\/faits-divers\/une-femme-meurt-par-electrocution-26624\">Cliquez ici pour lire l&rsquo;article depuis sa source.<\/a><\/p>\n","protected":false},"excerpt":{"rendered":"<p>Une femme \u00e2g\u00e9e de 55 ans est morte \u00e9lectrocut\u00e9e par un fil tomb\u00e9 \u00e0 terre au douar Bourahla relevant de la commune de Hassi Mam\u00e8che, ce samedi 6 juillet 2019. Selon le communiqu\u00e9 de la Protection civile, la victime aurait re\u00e7u une d\u00e9charge \u00e9lectrique de 3 000 volts. Son\u00a0 corps\u00a0 a \u00e9t\u00e9 transport\u00e9 par les [&hellip;]<\/p>\n","protected":false},"author":1741,"featured_media":0,"comment_status":"closed","ping_status":"closed","sticky":false,"template":"","format":"standard","meta":{"fifu_image_url":"","fifu_image_alt":"","footnotes":""},"categories":[73,53],"tags":[],"class_list":["post-44931","post","type-post","status-publish","format-standard","hentry","category-actualite","category-algerie"],"_links":{"self":[{"href":"https:\/\/linitiative.ca\/International\/wp-json\/wp\/v2\/posts\/44931","targetHints":{"allow":["GET"]}}],"collection":[{"href":"https:\/\/linitiative.ca\/International\/wp-json\/wp\/v2\/posts"}],"about":[{"href":"https:\/\/linitiative.ca\/International\/wp-json\/wp\/v2\/types\/post"}],"author":[{"embeddable":true,"href":"https:\/\/linitiative.ca\/International\/wp-json\/wp\/v2\/users\/1741"}],"replies":[{"embeddable":true,"href":"https:\/\/linitiative.ca\/International\/wp-json\/wp\/v2\/comments?post=44931"}],"version-history":[{"count":0,"href":"https:\/\/linitiative.ca\/International\/wp-json\/wp\/v2\/posts\/44931\/revisions"}],"wp:attachment":[{"href":"https:\/\/linitiative.ca\/International\/wp-json\/wp\/v2\/media?parent=44931"}],"wp:term":[{"taxonomy":"category","embeddable":true,"href":"https:\/\/linitiative.ca\/International\/wp-json\/wp\/v2\/categories?post=44931"},{"taxonomy":"post_tag","embeddable":true,"href":"https:\/\/linitiative.ca\/International\/wp-json\/wp\/v2\/tags?post=44931"}],"curies":[{"name":"wp","href":"https:\/\/api.w.org\/{rel}","templated":true}]}}