{"id":44932,"date":"2019-07-07T03:21:09","date_gmt":"2019-07-07T07:21:09","guid":{"rendered":"https:\/\/linitiative.ca\/International\/elle-fait-lactu-mbarka-bouaida-elue-presidente-de-la-region-de-guelmim-oued-noun\/"},"modified":"2019-07-07T03:21:09","modified_gmt":"2019-07-07T07:21:09","slug":"elle-fait-lactu-mbarka-bouaida-elue-presidente-de-la-region-de-guelmim-oued-noun","status":"publish","type":"post","link":"https:\/\/linitiative.ca\/International\/elle-fait-lactu-mbarka-bouaida-elue-presidente-de-la-region-de-guelmim-oued-noun\/","title":{"rendered":"Elle fait l\u2019actu : Mbarka Bouaida, \u00e9lue pr\u00e9sidente de la r\u00e9gion de Guelmim-Oued Noun"},"content":{"rendered":"<p><strong>Mbarka Bouaida, du parti du Rassemblement national des ind\u00e9pendants (RNI), a \u00e9t\u00e9 \u00e9lue, vendredi \u00e0 Guelmim, pr\u00e9sidente du Conseil de la r\u00e9gion de Guelmim-Oued Noun, devenant ainsi la premi\u00e8re femme \u00e0 occuper ce poste dans le Royaume.<\/strong><\/p>\n<div class=\"c10\"\/>\n<p>Bouaida a obtenu 33 voix sur un total de 39 si\u00e8ges que compte le Conseil de la r\u00e9gion, lors d\u2019une s\u00e9ance marqu\u00e9e par deux absences et l\u2019abstention de quatre membres appartenant au groupe du Parti de la justice et du d\u00e9veloppement (PJD).<\/p>\n<p>Par la suite, Bouaida a pr\u00e9sid\u00e9 cette s\u00e9ance au cours de laquelle il a \u00e9t\u00e9 \u00e9galement proc\u00e9d\u00e9 \u00e0 l\u2019\u00e9lection des membres du bureau, du secr\u00e9taire du Conseil et de son adjoint. La liste conjointe des membres du bureau, compos\u00e9e de six vice-pr\u00e9sidentes, a d\u00e9croch\u00e9 33 voix contre 4 abstentions. Il s\u2019agit de La\u00e2rbi Aksam du RNI, premier vice-pr\u00e9sidente, de Lahcen Belfqih de l\u2019Union socialiste des forces populaires (USFP), 2\u00e8 vice-pr\u00e9sidente, et d\u2019Abba Mahmoud de l\u2019USFP, 3\u00e9 vice-pr\u00e9sidente. Nafi\u00ee El Oua\u00e2ban du Parti de l\u2019Istiqlal (PI), Siham Azerki du parti du Mouvement populaire (MP) et Lalla Fatima El Lamzilqi du Parti R\u00e9forme et du d\u00e9veloppement (PRD) ont \u00e9t\u00e9 \u00e9lues, par la m\u00eame occasion, 4\u00e8, 5\u00e8 et 6\u00e8 vice-pr\u00e9sidentes. Il a \u00e9t\u00e9 proc\u00e9d\u00e9, en outre, \u00e0 l\u2019\u00e9lection de Lalla Fatima Lamrini secr\u00e9taire du Conseil, ainsi que Mohamed Kabous son adjoint.<\/p>\n<p>Dans une br\u00e8ve intervention peu apr\u00e8s son \u00e9lection, Mbarka Bouaida a remerci\u00e9 les membres du Conseil pour la confiance plac\u00e9e en sa personne, tout en saluant les efforts consentis par toutes les parties en vue de r\u00e9ussir cette op\u00e9ration et de trouver une solution honorable \u00e0 la crise qu\u2019a connue la R\u00e9gion.<\/p>\n<p>En juin dernier, le ministre de l\u2019Int\u00e9rieur a re\u00e7u une lettre de d\u00e9mission de l\u2019ancien pr\u00e9sident du Conseil de la r\u00e9gion Guelmim-Oued Noun, Abderrahim Ben Bouaida, de son poste dans laquelle il a fait part de sa volont\u00e9 de mettre fin d\u00e9finitivement et de mani\u00e8re irr\u00e9vocable \u00e0 sa mission \u00e0 la t\u00eate de ce Conseil. Par cons\u00e9quent, le Conseil de la r\u00e9gion a \u00e9t\u00e9 convoqu\u00e9 pour \u00e9lire un nouveau pr\u00e9sident et les autres membres du bureau conform\u00e9ment aux conditions, aux modalit\u00e9s et aux d\u00e9lais fix\u00e9s par la loi.<\/p>\n<p>En mai 2018, le minist\u00e8re de l\u2019Int\u00e9rieur a annonc\u00e9 la suspension du Conseil de la r\u00e9gion de Guelmim-Oued Noun et la nomination d\u2019une d\u00e9l\u00e9gation sp\u00e9ciale charg\u00e9e de l\u2019exp\u00e9dition des affaires courantes du Conseil. Le minist\u00e8re a, ensuite, d\u00e9cid\u00e9 en novembre dernier de prolonger, pour une derni\u00e8re fois, la suspension du Conseil r\u00e9gional pour une dur\u00e9e de six mois et ce, \u00ab\u00a0en l\u2019absence de tout signe indiquant que les parties concern\u00e9es cherchent \u00e0 d\u00e9passer leurs diff\u00e9rends et que les raisons ayant motiv\u00e9 cette d\u00e9cision persistent toujours\u00a0\u00bb.<\/p>\n<p>La d\u00e9l\u00e9gation sp\u00e9ciale charg\u00e9e de l\u2019exp\u00e9dition des affaires courantes du Conseil avait continu\u00e9, durant cette p\u00e9riode, \u00e0 exercer ses fonctions conform\u00e9ment aux dispositions juridiques d\u00e9cid\u00e9es, afin de garantir la r\u00e9gularit\u00e9 du fonctionnement des services de la r\u00e9gion durant la nouvelle p\u00e9riode de suspension.<\/p>\n<div class=\"c17\">\n<fieldset class=\"c16\">\n<legend><strong><span class=\"c11\">Challenge<\/span><span class=\"c12\">news<\/span><\/strong><\/legend>\n<div class=\"c15\">Le meilleur de la r\u00e9daction s\u00e9lectionn\u00e9 par Challenge :<\/p>\n<\/div>\n<\/fieldset>\n<\/div>\n<p>Auteur: challenge<br \/>\n<a href=\"https:\/\/www.challenge.ma\/elle-fait-lactu-mbarka-bouaida-elue-presidente-de-la-region-de-guelmim-oued-noun-112286\/\">Cliquez ici pour lire l&rsquo;article depuis sa source.<\/a><\/p>\n","protected":false},"excerpt":{"rendered":"<p>Mbarka Bouaida, du parti du Rassemblement national des ind\u00e9pendants (RNI), a \u00e9t\u00e9 \u00e9lue, vendredi \u00e0 Guelmim, pr\u00e9sidente du Conseil de la r\u00e9gion de Guelmim-Oued Noun, devenant ainsi la premi\u00e8re femme \u00e0 occuper ce poste dans le Royaume. Bouaida a obtenu 33 voix sur un total de 39 si\u00e8ges que compte le Conseil de la r\u00e9gion, [&hellip;]<\/p>\n","protected":false},"author":1787,"featured_media":0,"comment_status":"closed","ping_status":"closed","sticky":false,"template":"","format":"standard","meta":{"fifu_image_url":"","fifu_image_alt":"","footnotes":""},"categories":[78,54],"tags":[],"class_list":["post-44932","post","type-post","status-publish","format-standard","hentry","category-economie","category-maroc"],"_links":{"self":[{"href":"https:\/\/linitiative.ca\/International\/wp-json\/wp\/v2\/posts\/44932","targetHints":{"allow":["GET"]}}],"collection":[{"href":"https:\/\/linitiative.ca\/International\/wp-json\/wp\/v2\/posts"}],"about":[{"href":"https:\/\/linitiative.ca\/International\/wp-json\/wp\/v2\/types\/post"}],"author":[{"embeddable":true,"href":"https:\/\/linitiative.ca\/International\/wp-json\/wp\/v2\/users\/1787"}],"replies":[{"embeddable":true,"href":"https:\/\/linitiative.ca\/International\/wp-json\/wp\/v2\/comments?post=44932"}],"version-history":[{"count":0,"href":"https:\/\/linitiative.ca\/International\/wp-json\/wp\/v2\/posts\/44932\/revisions"}],"wp:attachment":[{"href":"https:\/\/linitiative.ca\/International\/wp-json\/wp\/v2\/media?parent=44932"}],"wp:term":[{"taxonomy":"category","embeddable":true,"href":"https:\/\/linitiative.ca\/International\/wp-json\/wp\/v2\/categories?post=44932"},{"taxonomy":"post_tag","embeddable":true,"href":"https:\/\/linitiative.ca\/International\/wp-json\/wp\/v2\/tags?post=44932"}],"curies":[{"name":"wp","href":"https:\/\/api.w.org\/{rel}","templated":true}]}}