{"id":44933,"date":"2019-07-07T06:33:52","date_gmt":"2019-07-07T10:33:52","guid":{"rendered":"https:\/\/linitiative.ca\/International\/conseil-du-developpement-et-de-la-solidarite-10-ans-deja\/"},"modified":"2019-07-07T06:33:52","modified_gmt":"2019-07-07T10:33:52","slug":"conseil-du-developpement-et-de-la-solidarite-10-ans-deja","status":"publish","type":"post","link":"https:\/\/linitiative.ca\/International\/conseil-du-developpement-et-de-la-solidarite-10-ans-deja\/","title":{"rendered":"Conseil du D\u00e9veloppement et de la Solidarit\u00e9 : 10 ans d\u00e9j\u00e0"},"content":{"rendered":"<p class=\"p1\"><strong><span class=\"s1\">Le Conseil du D\u00e9veloppement et de la Solidarit\u00e9 (CDS), think tank pr\u00e9sid\u00e9 par Mohammed Benamour, vient de tenir son Assembl\u00e9e G\u00e9n\u00e9rale. Une occasion pour faire le bilan de ses 10 ann\u00e9es d\u2019existence et de sa contribution dense et vari\u00e9e aux d\u00e9bats sur des sujets d\u2019int\u00e9r\u00eats \u00e9conomiques et sociaux.<span class=\"Apple-converted-space\">\u00a0\u00a0<\/span><\/span><\/strong><\/p>\n<div class=\"c10\"\/>\n<p class=\"p1\">Que de chemin parcouru pour le Conseil du D\u00e9veloppement et de la Solidarit\u00e9 (CDS). Le think tank, pr\u00e9sid\u00e9 par Mohammed Benamour, a, en effet, saisi l\u2019occasion de la tenue de son Assembl\u00e9e g\u00e9n\u00e9rale pour faire le bilan de ses dix ans. Cr\u00e9\u00e9e le 27 juillet 2009, pour accompagner le d\u00e9veloppement \u00e9conomique et social du Royaume, cette instance consultative qui regroupe un ar\u00e9opage de personnalit\u00e9s ayant le sens de l\u2019engagement citoyen et de la solidarit\u00e9 et \u00e9manant du monde des affaires, de professions lib\u00e9rales, de milieux associatif, politique, culturel, universitaire ainsi que certaines personnalit\u00e9s \u00e9trang\u00e8res prestigieuses, a beaucoup contribu\u00e9 durant une d\u00e9cennie \u00e0 alimenter les d\u00e9cideurs en r\u00e9flexions.<\/p>\n<p class=\"p1\">Il faut dire que le CDS constitue un laboratoire d\u2019id\u00e9es et de propositions ayant comme devise : <em>\u00abUne intelligence collective pour une dynamique gagnante\u00bb<\/em>. Tr\u00e8s actif, il compte plusieurs ateliers de r\u00e9flexion se proposant d\u2019identifier les enjeux, analyser les r\u00e9formes en chantier, d\u00e9battre des feuilles de route, proposer des mesures op\u00e9rationnelles assurant la convergence des efforts publics et priv\u00e9s, sans pour autant oublier cette volont\u00e9 affich\u00e9e <em>\u00abd\u2019adaptation \u00e0 un environnement international en perp\u00e9tuelle mutation\u00bb<\/em> et qui est depuis deux ans une sorte de d\u00e9fi auquel l\u2019\u00e9conomie marocaine est confront\u00e9e.<\/p>\n<p class=\"p2\">Parmi ces axes de r\u00e9flexions, on peut citer la s\u00e9ance consacr\u00e9e au probl\u00e8me du pr\u00e9scolaire et aux voies et moyens pour renforcer la dimension \u00e9ducative essentielle \u00e0 cet \u00e2ge. De m\u00eame que d\u2019autres sessions ont \u00e9t\u00e9 consacr\u00e9es \u00e0 diff\u00e9rents sujets comme la <em>\u00abville nouvelle et les vies nouvelles\u00bb<\/em>, l\u2019environnement, la crise \u00e9conomique et sociale en relation avec le\u00a0<em>\u00abPrintemps Arabe\u00bb<\/em> qui a secou\u00e9 les pays de la r\u00e9gion entre 2011 et 2012, l\u2019emploi et le ch\u00f4mage, la politique sociale, l\u2019habitat et autres probl\u00e9matiques. Dans le cadre de la r\u00e9flexion men\u00e9e sur la place du Maroc dans le monde, et son ancrage \u00e0 l\u2019international, le think tank a organis\u00e9 en janvier 2012 avec une pl\u00e9iade d\u2019experts, de responsables politiques, patrons de grandes entreprises d\u2019Afrique et d\u2019Europe, un forum international consacr\u00e9 aux <em>\u00abEnjeux d\u2019une int\u00e9gration r\u00e9gionale africaine\u00bb<\/em>. Et, tout r\u00e9cemment encore, en avril 2018, le CDS organisait \u00e0 Rabat le Symposium International du Tourisme, consid\u00e9r\u00e9 par plusieurs op\u00e9rateurs comme de v\u00e9ritables Assises du tourisme.<\/p>\n<p class=\"p2\">Initiateur de la Vision 2010 du tourisme, cet ancien pr\u00e9sident de la F\u00e9d\u00e9ration du tourisme au sein de la CGEM, \u00e9galement PDG du groupe Palaces &#038; Traditions (KTI-KTH), Mohammed Benamour connait bien ce secteur \u00e9rig\u00e9 au rang de priorit\u00e9 nationale. Ainsi, comme pour la Vision 2010 du Tourisme, ce symposium a eu beaucoup de m\u00e9rite car il avait r\u00e9ussi \u00e0 f\u00e9d\u00e9rer, pour r\u00e9flexion, des personnalit\u00e9s publiques et civiles d\u2019horizons divers, nationales et \u00e9trang\u00e8res, r\u00e9unies autour de la m\u00eame cause : comment rendre le tourisme rentable, profitable \u00e0 tous et durable. Pour faire le tour de la question, pas moins de 5 panels ont \u00e9t\u00e9 mont\u00e9s rassemblant des acteurs et professionnels de bonne volont\u00e9.<\/p>\n<p class=\"p2\">L\u2019int\u00e9r\u00eat des actes du symposium et l\u2019actualit\u00e9 imp\u00e9rieuse de celui-ci, constituent toujours des pistes de r\u00e9flexion pour donner au tourisme marocain le coup d\u2019acc\u00e9l\u00e9rateur qu\u2019il faut.<\/p>\n<p class=\"p2\">Selon le pr\u00e9sident du CDS, le secteur du Tourisme, s\u2019il \u00e9tait repositionn\u00e9 comme un secteur strat\u00e9gique, il pourrait apporter par la diversit\u00e9 des m\u00e9tiers qu\u2019il propose, des r\u00e9ponses en termes d\u2019apprentissage et d\u2019acquisition de comp\u00e9tences pour les jeunes et ce, dans diff\u00e9rentes r\u00e9gions. Ce secteur, qui a \u00e9t\u00e9 d\u00e9laiss\u00e9 ces derni\u00e8res ann\u00e9es, devra contribuer \u00e9galement \u00e0 une meilleure politique de l\u2019am\u00e9nagement du territoire et \u00e0 la r\u00e9ussite du plan de r\u00e9gionalisation en suscitant la naissance d\u2019\u00e9cosyst\u00e8mes industriels. C\u2019est pourquoi d\u2019ailleurs, les membres du CDS ont ouvert depuis cette rencontre de Rabat le d\u00e9bat sur ce secteur cl\u00e9 de l\u2019\u00e9conomie marocaine. Cette derni\u00e8re d\u00e9cennie, strat\u00e9gies, rapports, \u00e9tudes, \u00e9valuations, analyse des politiques de promotion, propositions se sont succ\u00e9d\u00e9. Ils ont valoris\u00e9 des succ\u00e8s, mais aussi soulign\u00e9 les d\u00e9faillances et retards en termes de r\u00e9alisations.<\/p>\n<p class=\"p2\">Pour Benamour, la liste des dysfonctionnements est r\u00e9v\u00e9latrice d\u2019une gouvernance particuli\u00e8rement \u00e9clat\u00e9e entre de nombreuses instances de concertation et de d\u00e9cision, de chevauchement des programmes, parfois des visions et des p\u00e9rim\u00e8tres. Les organismes et outils sont multiples, mais la mutualisation des moyens et des \u00e9nergies n\u2019est pas au rendez-vous. En d\u00e9coule, dit-il, un manque de lisibilit\u00e9 et de visibilit\u00e9 de la politique publique du secteur qui constitue un frein \u00e0 l\u2019investissement.<\/p>\n<div class=\"c17\">\n<fieldset class=\"c16\">\n<legend><strong><span class=\"c11\">Challenge<\/span><span class=\"c12\">news<\/span><\/strong><\/legend>\n<div class=\"c15\">Le meilleur de la r\u00e9daction s\u00e9lectionn\u00e9 par Challenge :<\/p>\n<\/div>\n<\/fieldset>\n<\/div>\n<p>Auteur: Adama Sylla<br \/>\n<a href=\"https:\/\/www.challenge.ma\/conseil-du-developpement-et-de-la-solidarite-10-ans-deja-112233\/\">Cliquez ici pour lire l&rsquo;article depuis sa source.<\/a><\/p>\n","protected":false},"excerpt":{"rendered":"<p>Le Conseil du D\u00e9veloppement et de la Solidarit\u00e9 (CDS), think tank pr\u00e9sid\u00e9 par Mohammed Benamour, vient de tenir son Assembl\u00e9e G\u00e9n\u00e9rale. Une occasion pour faire le bilan de ses 10 ann\u00e9es d\u2019existence et de sa contribution dense et vari\u00e9e aux d\u00e9bats sur des sujets d\u2019int\u00e9r\u00eats \u00e9conomiques et sociaux.\u00a0\u00a0 Que de chemin parcouru pour le Conseil [&hellip;]<\/p>\n","protected":false},"author":1787,"featured_media":0,"comment_status":"closed","ping_status":"closed","sticky":false,"template":"","format":"standard","meta":{"fifu_image_url":"","fifu_image_alt":"","footnotes":""},"categories":[78,54],"tags":[],"class_list":["post-44933","post","type-post","status-publish","format-standard","hentry","category-economie","category-maroc"],"_links":{"self":[{"href":"https:\/\/linitiative.ca\/International\/wp-json\/wp\/v2\/posts\/44933","targetHints":{"allow":["GET"]}}],"collection":[{"href":"https:\/\/linitiative.ca\/International\/wp-json\/wp\/v2\/posts"}],"about":[{"href":"https:\/\/linitiative.ca\/International\/wp-json\/wp\/v2\/types\/post"}],"author":[{"embeddable":true,"href":"https:\/\/linitiative.ca\/International\/wp-json\/wp\/v2\/users\/1787"}],"replies":[{"embeddable":true,"href":"https:\/\/linitiative.ca\/International\/wp-json\/wp\/v2\/comments?post=44933"}],"version-history":[{"count":0,"href":"https:\/\/linitiative.ca\/International\/wp-json\/wp\/v2\/posts\/44933\/revisions"}],"wp:attachment":[{"href":"https:\/\/linitiative.ca\/International\/wp-json\/wp\/v2\/media?parent=44933"}],"wp:term":[{"taxonomy":"category","embeddable":true,"href":"https:\/\/linitiative.ca\/International\/wp-json\/wp\/v2\/categories?post=44933"},{"taxonomy":"post_tag","embeddable":true,"href":"https:\/\/linitiative.ca\/International\/wp-json\/wp\/v2\/tags?post=44933"}],"curies":[{"name":"wp","href":"https:\/\/api.w.org\/{rel}","templated":true}]}}