{"id":44934,"date":"2019-07-07T09:18:48","date_gmt":"2019-07-07T13:18:48","guid":{"rendered":"https:\/\/linitiative.ca\/International\/tunisie-neji-jalloul-annonce-son-nouveau-projet-politique\/"},"modified":"2019-07-07T09:18:48","modified_gmt":"2019-07-07T13:18:48","slug":"tunisie-neji-jalloul-annonce-son-nouveau-projet-politique","status":"publish","type":"post","link":"https:\/\/linitiative.ca\/International\/tunisie-neji-jalloul-annonce-son-nouveau-projet-politique\/","title":{"rendered":"Tunisie \u2013 N\u00e9ji Jalloul annonce son nouveau projet politique"},"content":{"rendered":"<div class=\"post-cont-in left relative\">\n<div class=\"swp_social_panel swp_horizontal_panel swp_flat_fresh swp_default_full_color swp_individual_full_color swp_other_full_color scale-100 scale-\" data-min-width=\"1100\" data-float-color=\"#ffffff\" data-float=\"none\" data-float-mobile=\"none\" data-transition=\"slide\">\n<div class=\"nc_tweetContainer swp_share_button total_shares total_sharesalt\"><span class=\"swp_count\">86 <span class=\"swp_label\">Partages<\/span><\/span><\/div>\n<\/div>\n<p>Le directeur g\u00e9n\u00e9ral de l\u2019ITES et ex-leader au sein de Nidaa Tounes, Neji Jalloul a annonc\u00e9, \u00e0 travers un post sur sa page Facebook, son intention de se lancer dans les prochaines \u00e9lections pr\u00e9sidentielles et l\u00e9gislatives, en s\u2019appuyant sur des listes de personnalit\u00e9s nationales et en faisant appel aux comp\u00e9tences du pays.<\/p>\n<p>Il a promis de nettoyer la sc\u00e8ne politique des parasites qui l\u2019infestent, d\u2019\u0153uvrer \u00e0 am\u00e9liorer les aspects moraux du paysage politique et de pr\u00e9senter un programme de sauvetage du pays qui coupe avec l\u2019esprit de la m\u00e9diocrit\u00e9 et des butins de guerre.<\/p>\n<div class=\"code-block code-block-1 c3\"><ins class=\"adsbygoogle c2\" data-ad-layout=\"in-article\" data-ad-format=\"fluid\" data-ad-client=\"ca-pub-2102118777505746\" data-ad-slot=\"7301775417\"\/> <\/div>\n<p><img loading=\"lazy\" decoding=\"async\" class=\"aligncenter size-full wp-image-446607\" src=\"https:\/\/www.tunisienumerique.com\/wp-content\/uploads\/2019\/07\/jalloul-2.jpg\" alt=\"\" width=\"500\" height=\"451\"\/><\/p>\n<div class=\"mvp-org-wrap mvp-org-logo\" itemprop=\"publisher\" itemscope=\"\" itemtype=\"https:\/\/schema.org\/Organization\"><img decoding=\"async\" src=\"https:\/\/www.tunisienumerique.com\/wp-content\/uploads\/2017\/02\/logo_tunisie_numerique.png\"\/><\/div>\n<div class=\"swp_social_panel swp_horizontal_panel swp_flat_fresh swp_default_full_color swp_individual_full_color swp_other_full_color scale-100 scale-\" data-min-width=\"1100\" data-float-color=\"#ffffff\" data-float=\"none\" data-float-mobile=\"none\" data-transition=\"slide\">\n<div class=\"nc_tweetContainer swp_share_button total_shares total_sharesalt\"><span class=\"swp_count\">86 <span class=\"swp_label\">Partages<\/span><\/span><\/div>\n<\/div>\n<div class=\"mvp-related-posts left relative\">\n<h4 class=\"post-header\"><span class=\"post-header\">Lire aussi<\/span><\/h4>\n<\/div>\n<\/div>\n<p>Auteur: LM<br \/>\n<a href=\"https:\/\/www.tunisienumerique.com\/tunisie-neji-jalloul-annonce-son-nouveau-projet-politique\/\">Cliquez ici pour lire l&rsquo;article depuis sa source.<\/a><\/p>\n","protected":false},"excerpt":{"rendered":"<p>86 Partages Le directeur g\u00e9n\u00e9ral de l\u2019ITES et ex-leader au sein de Nidaa Tounes, Neji Jalloul a annonc\u00e9, \u00e0 travers un post sur sa page Facebook, son intention de se lancer dans les prochaines \u00e9lections pr\u00e9sidentielles et l\u00e9gislatives, en s\u2019appuyant sur des listes de personnalit\u00e9s nationales et en faisant appel aux comp\u00e9tences du pays. Il [&hellip;]<\/p>\n","protected":false},"author":1789,"featured_media":44935,"comment_status":"closed","ping_status":"closed","sticky":false,"template":"","format":"standard","meta":{"fifu_image_url":"","fifu_image_alt":"","footnotes":""},"categories":[73,55],"tags":[],"class_list":["post-44934","post","type-post","status-publish","format-standard","has-post-thumbnail","hentry","category-actualite","category-tunisie"],"_links":{"self":[{"href":"https:\/\/linitiative.ca\/International\/wp-json\/wp\/v2\/posts\/44934","targetHints":{"allow":["GET"]}}],"collection":[{"href":"https:\/\/linitiative.ca\/International\/wp-json\/wp\/v2\/posts"}],"about":[{"href":"https:\/\/linitiative.ca\/International\/wp-json\/wp\/v2\/types\/post"}],"author":[{"embeddable":true,"href":"https:\/\/linitiative.ca\/International\/wp-json\/wp\/v2\/users\/1789"}],"replies":[{"embeddable":true,"href":"https:\/\/linitiative.ca\/International\/wp-json\/wp\/v2\/comments?post=44934"}],"version-history":[{"count":0,"href":"https:\/\/linitiative.ca\/International\/wp-json\/wp\/v2\/posts\/44934\/revisions"}],"wp:featuredmedia":[{"embeddable":true,"href":"https:\/\/linitiative.ca\/International\/wp-json\/"}],"wp:attachment":[{"href":"https:\/\/linitiative.ca\/International\/wp-json\/wp\/v2\/media?parent=44934"}],"wp:term":[{"taxonomy":"category","embeddable":true,"href":"https:\/\/linitiative.ca\/International\/wp-json\/wp\/v2\/categories?post=44934"},{"taxonomy":"post_tag","embeddable":true,"href":"https:\/\/linitiative.ca\/International\/wp-json\/wp\/v2\/tags?post=44934"}],"curies":[{"name":"wp","href":"https:\/\/api.w.org\/{rel}","templated":true}]}}