{"id":44936,"date":"2019-07-07T11:12:25","date_gmt":"2019-07-07T15:12:25","guid":{"rendered":"https:\/\/linitiative.ca\/International\/tunisie-pourquoi-ennahdha-fait-elle-allusion-a-un-eventuel-depart-de-chahed-en-ce-moment\/"},"modified":"2019-07-07T11:12:25","modified_gmt":"2019-07-07T15:12:25","slug":"tunisie-pourquoi-ennahdha-fait-elle-allusion-a-un-eventuel-depart-de-chahed-en-ce-moment","status":"publish","type":"post","link":"https:\/\/linitiative.ca\/International\/tunisie-pourquoi-ennahdha-fait-elle-allusion-a-un-eventuel-depart-de-chahed-en-ce-moment\/","title":{"rendered":"Tunisie \u2013 Pourquoi Ennahdha fait-elle allusion \u00e0 un \u00e9ventuel d\u00e9part de Chahed, en ce moment\u00a0?"},"content":{"rendered":"<div class=\"post-cont-in left relative\">\n<div class=\"swp_social_panel swp_horizontal_panel swp_flat_fresh swp_default_full_color swp_individual_full_color swp_other_full_color scale-100 scale-\" data-min-width=\"1100\" data-float-color=\"#ffffff\" data-float=\"none\" data-float-mobile=\"none\" data-transition=\"slide\">\n<div class=\"nc_tweetContainer swp_share_button total_shares total_sharesalt\"><span class=\"swp_count\">108 <span class=\"swp_label\">Partages<\/span><\/span><\/div>\n<\/div>\n<p>Que se passe-t-il entre les islamistes d\u2019Ennahdha et le chef du gouvernement, Youssef Chahed? Est-ce une co\u00efncidence que <a href=\"https:\/\/www.mosaiquefm.net\/ar\/%D8%A3%D8%AE%D8%A8%D8%A7%D8%B1-%D8%B3%D9%8A%D8%A7%D8%B3%D8%A9-%D8%AA%D9%88%D9%86%D8%B3\/573569\/%D8%A7%D9%84%D9%87%D8%A7%D8%B1%D9%88%D9%86%D9%8A-%D9%86%D8%AA%D9%81%D8%A7%D9%88%D8%B6-%D9%85%D8%B9-%D8%A7%D9%84%D8%B4%D8%A7%D9%87%D8%AF-%D8%A8%D8%B4%D8%B1%D9%88%D8%B7%D9%86%D8%A7-%D9%84%D9%84%D8%A8%D9%82%D8%A7%D8%A1-%D8%A3%D9%88-%D8%A7%D9%84%D9%85%D8%BA%D8%A7%D8%AF%D8%B1%D8%A9\">le pr\u00e9sident de la Choura du parti islamiste d\u00e9clare n\u00e9gocier le d\u00e9part du chef du gouvernement<\/a>, juste quelques heures apr\u00e8s la d\u00e9cision annonc\u00e9e par le chef du gouvernement d\u2019interdire le niquab, dans les administrations et \u00e9tablissements publics\u00a0?<\/p>\n<p>Pour que les leaders d\u2019Ennahdha, connus pour avoir toujours, su pond\u00e9rer leurs propos et pr\u00f4ner le consensus, bien que dans leur arri\u00e8re boutique, ils ne l\u00e9sinent pas sur les moyens pour abattre leurs \u00ab\u00a0alli\u00e9s\u00a0\u00bb, se mettent \u00e0 attaquer, ouvertement, Youssef Chahed ou du moins, \u00e0 lui adresser un premier carton jaune, avec l\u2019annonce d\u2019Abdelkarim Harouni, il faut croire qu\u2019il les a fortement contrari\u00e9s\u00a0!<\/p>\n<div class=\"code-block code-block-1 c3\"><ins class=\"adsbygoogle c2\" data-ad-layout=\"in-article\" data-ad-format=\"fluid\" data-ad-client=\"ca-pub-2102118777505746\" data-ad-slot=\"7301775417\"\/> <\/div>\n<p>Il semble bien,\u00a0que les actions et d\u00e9cisions du chef du gouvernement, ces derniers jours ont stopp\u00e9 une machine infernale qui allait s\u2019\u00e9branler pour broyer le processus d\u00e9mocratique, quand il est all\u00e9 rendre visite au pr\u00e9sident B\u00e9ji Ca\u00efed Essebsi \u00e0 l\u2019h\u00f4pital et a rassur\u00e9, tout de suite apr\u00e8s, les tunisiens sur son \u00e9tat de sant\u00e9.<\/p>\n<p>Il faut reconna\u00eetre que Youssef Chahed a coup\u00e9 net l\u2019\u00e9lan de certaines parties, aux intentions \u00ab\u00a0malveillantes\u00a0\u00bb et revigor\u00e9 les tunisiens qui \u00e9taient abattus par la rumeur de la mort de BCE, au point de ne plus \u00eatre capables ni de penser\u00a0ni de r\u00e9agir. L\u2019annonce de Youssef Chahed, ce jour l\u00e0, a mis une autre machine en marche, celle o\u00f9 les t\u00e9l\u00e9phones se sont d\u00e9brid\u00e9s, pour contrer les projets malsains qui commen\u00e7aient \u00e0 \u00eatre foment\u00e9s.<\/p>\n<p>Ensuite, Chahed, comme s\u2019il s\u2019\u00e9tait affranchi de quelque poids ou de quelques contraintes, a commenc\u00e9 \u00e0 bouger, pour mettre en \u0153uvre des projets et des plans qui \u00e9taient, pour on ne sait quelle raison, au point mort. Chose qui a donn\u00e9 le pr\u00e9texte aux autres de l\u2019attaquer sur le fait qu\u2019il \u00e9tait en train d\u2019utiliser les possibilit\u00e9s de l\u2019Etat,\u00a0au service de\u00a0sa campagne \u00e9lectorale, lui qui n\u2019est, officiellement candidat, \u00e0 aucun poste.<\/p>\n<p>Puis, il semblerait que les choses se soient envenim\u00e9es, suite aux derniers coups d\u2019\u00e9clats des terroristes en plein c\u0153ur de la Capitale, Chahed a donn\u00e9 l\u2019ordre d\u2019une contre-offensive g\u00e9n\u00e9rale, sur tout le territoire tunisien, pour traquer ces \u00e9l\u00e9ments terroristes ou suspects de l\u2019\u00eatre. Du coup, certaines parties qui auraient aim\u00e9 disposer de cette \u00ab\u00a0arm\u00e9e de l\u2019ombre\u00a0\u00bb, au cas o\u00f9, s\u2019en sont trouv\u00e9s tr\u00e8s vex\u00e9es.<\/p>\n<p>Pour couronner le tout, avec sa d\u00e9cision d\u2019interdire le niquab, Youssef Chahed semble \u00eatre devenu assez mena\u00e7ant pour ces parties qui ont vu en cette d\u00e9cision,\u00a0le d\u00e9but de la fin de leur h\u00e9g\u00e9monie et un signe clair de la d\u00e9cision de Chahed de s\u2019affranchir de\u00a0leurs contraintes. Ce qui laissait craindre d\u2019autres d\u00e9cisions, dans la m\u00eame orientation qui pourraient aller tr\u00e8s loin, jusqu\u2019\u00e0 creuser du c\u00f4t\u00e9 des fili\u00e8res d\u2019envoi des jihadistes \u00e0 l\u2019\u00e9tranger ou du c\u00f4t\u00e9 des assassinats politiques, voire m\u00eame, du c\u00f4t\u00e9 d\u2019un certain appareil secret.<\/p>\n<p>Serait-ce donc, pour ces raisons qu\u2019Ennahdha a commenc\u00e9 \u00e0 faire allusion \u00e0 un probable d\u00e9part (forc\u00e9) du chef du gouvernemen?\u00a0Est-ce que cela ne signerait pas la consommation du divorce entre le chef du gouvernement et les islamistes qui redoutent de ne plus pouvoir contr\u00f4ler le jeu et ses r\u00e8gles\u00a0?<\/p>\n<div class=\"mvp-org-wrap mvp-org-logo\" itemprop=\"publisher\" itemscope=\"\" itemtype=\"https:\/\/schema.org\/Organization\"><img decoding=\"async\" src=\"https:\/\/www.tunisienumerique.com\/wp-content\/uploads\/2017\/02\/logo_tunisie_numerique.png\"\/><\/div>\n<div class=\"swp_social_panel swp_horizontal_panel swp_flat_fresh swp_default_full_color swp_individual_full_color swp_other_full_color scale-100 scale-\" data-min-width=\"1100\" data-float-color=\"#ffffff\" data-float=\"none\" data-float-mobile=\"none\" data-transition=\"slide\">\n<div class=\"nc_tweetContainer swp_share_button total_shares total_sharesalt\"><span class=\"swp_count\">108 <span class=\"swp_label\">Partages<\/span><\/span><\/div>\n<\/div>\n<div class=\"mvp-related-posts left relative\">\n<h4 class=\"post-header\"><span class=\"post-header\">Lire aussi<\/span><\/h4>\n<\/div>\n<\/div>\n<p>Auteur: Ramsis<br \/>\n<a href=\"https:\/\/www.tunisienumerique.com\/tunisie-pourquoi-ennahdha-fait-elle-allusion-a-un-eventuel-depart-de-chahed-en-ce-moment\/\">Cliquez ici pour lire l&rsquo;article depuis sa source.<\/a><\/p>\n","protected":false},"excerpt":{"rendered":"<p>108 Partages Que se passe-t-il entre les islamistes d\u2019Ennahdha et le chef du gouvernement, Youssef Chahed? Est-ce une co\u00efncidence que le pr\u00e9sident de la Choura du parti islamiste d\u00e9clare n\u00e9gocier le d\u00e9part du chef du gouvernement, juste quelques heures apr\u00e8s la d\u00e9cision annonc\u00e9e par le chef du gouvernement d\u2019interdire le niquab, dans les administrations et [&hellip;]<\/p>\n","protected":false},"author":1789,"featured_media":44937,"comment_status":"closed","ping_status":"closed","sticky":false,"template":"","format":"standard","meta":{"fifu_image_url":"","fifu_image_alt":"","footnotes":""},"categories":[73,55],"tags":[],"class_list":["post-44936","post","type-post","status-publish","format-standard","has-post-thumbnail","hentry","category-actualite","category-tunisie"],"_links":{"self":[{"href":"https:\/\/linitiative.ca\/International\/wp-json\/wp\/v2\/posts\/44936","targetHints":{"allow":["GET"]}}],"collection":[{"href":"https:\/\/linitiative.ca\/International\/wp-json\/wp\/v2\/posts"}],"about":[{"href":"https:\/\/linitiative.ca\/International\/wp-json\/wp\/v2\/types\/post"}],"author":[{"embeddable":true,"href":"https:\/\/linitiative.ca\/International\/wp-json\/wp\/v2\/users\/1789"}],"replies":[{"embeddable":true,"href":"https:\/\/linitiative.ca\/International\/wp-json\/wp\/v2\/comments?post=44936"}],"version-history":[{"count":0,"href":"https:\/\/linitiative.ca\/International\/wp-json\/wp\/v2\/posts\/44936\/revisions"}],"wp:featuredmedia":[{"embeddable":true,"href":"https:\/\/linitiative.ca\/International\/wp-json\/"}],"wp:attachment":[{"href":"https:\/\/linitiative.ca\/International\/wp-json\/wp\/v2\/media?parent=44936"}],"wp:term":[{"taxonomy":"category","embeddable":true,"href":"https:\/\/linitiative.ca\/International\/wp-json\/wp\/v2\/categories?post=44936"},{"taxonomy":"post_tag","embeddable":true,"href":"https:\/\/linitiative.ca\/International\/wp-json\/wp\/v2\/tags?post=44936"}],"curies":[{"name":"wp","href":"https:\/\/api.w.org\/{rel}","templated":true}]}}