{"id":44940,"date":"2019-07-07T11:44:22","date_gmt":"2019-07-07T15:44:22","guid":{"rendered":"https:\/\/linitiative.ca\/International\/tunisie-beja-il-tue-son-frere-de-9-ans-en-jouant-avec-le-fusil-de-chasse-de-son-pere\/"},"modified":"2019-07-07T11:44:22","modified_gmt":"2019-07-07T15:44:22","slug":"tunisie-beja-il-tue-son-frere-de-9-ans-en-jouant-avec-le-fusil-de-chasse-de-son-pere","status":"publish","type":"post","link":"https:\/\/linitiative.ca\/International\/tunisie-beja-il-tue-son-frere-de-9-ans-en-jouant-avec-le-fusil-de-chasse-de-son-pere\/","title":{"rendered":"Tunisie \u2013 B\u00e9ja\u00a0: Il tue son fr\u00e8re de 9 ans en jouant avec le fusil de chasse de son p\u00e8re"},"content":{"rendered":"<div class=\"post-cont-in left relative\">\n<div class=\"swp_social_panel swp_horizontal_panel swp_flat_fresh swp_default_full_color swp_individual_full_color swp_other_full_color scale-100 scale-\" data-min-width=\"1100\" data-float-color=\"#ffffff\" data-float=\"none\" data-float-mobile=\"none\" data-transition=\"slide\">\n<div class=\"nc_tweetContainer swp_share_button total_shares total_sharesalt\"><span class=\"swp_count\">88 <span class=\"swp_label\">Partages<\/span><\/span><\/div>\n<\/div>\n<p>Un enfant r\u00e9sidant dans la r\u00e9gion de Amdoun, \u00e0 B\u00e9ja, a accidentellement tu\u00e9 son fr\u00e8re de neuf ans, en lui tirant dessus, alors qu\u2019il jouait avec le fusil de chasse de leur p\u00e8re qui le d\u00e9tenait de fa\u00e7on ill\u00e9gale.<\/p>\n<p>Une enqu\u00eate a \u00e9t\u00e9 ouverte, l\u2019arme saisie et le p\u00e8re maintenu en \u00e9tat d\u2019arrestation.<\/p>\n<div class=\"code-block code-block-1 c3\"><ins class=\"adsbygoogle c2\" data-ad-layout=\"in-article\" data-ad-format=\"fluid\" data-ad-client=\"ca-pub-2102118777505746\" data-ad-slot=\"7301775417\"\/> <\/div>\n<div class=\"mvp-org-wrap mvp-org-logo\" itemprop=\"publisher\" itemscope=\"\" itemtype=\"https:\/\/schema.org\/Organization\"><img decoding=\"async\" src=\"https:\/\/www.tunisienumerique.com\/wp-content\/uploads\/2017\/02\/logo_tunisie_numerique.png\"\/><\/div>\n<div class=\"swp_social_panel swp_horizontal_panel swp_flat_fresh swp_default_full_color swp_individual_full_color swp_other_full_color scale-100 scale-\" data-min-width=\"1100\" data-float-color=\"#ffffff\" data-float=\"none\" data-float-mobile=\"none\" data-transition=\"slide\">\n<div class=\"nc_tweetContainer swp_share_button total_shares total_sharesalt\"><span class=\"swp_count\">88 <span class=\"swp_label\">Partages<\/span><\/span><\/div>\n<\/div>\n<div class=\"mvp-related-posts left relative\">\n<h4 class=\"post-header\"><span class=\"post-header\">Lire aussi<\/span><\/h4>\n<\/div>\n<\/div>\n<p>Auteur: LM<br \/>\n<a href=\"https:\/\/www.tunisienumerique.com\/tunisie-beja-il-tue-son-frere-de-9-ans-en-jouant-avec-le-fusil-de-chasse-de-son-pere\/\">Cliquez ici pour lire l&rsquo;article depuis sa source.<\/a><\/p>\n","protected":false},"excerpt":{"rendered":"<p>88 Partages Un enfant r\u00e9sidant dans la r\u00e9gion de Amdoun, \u00e0 B\u00e9ja, a accidentellement tu\u00e9 son fr\u00e8re de neuf ans, en lui tirant dessus, alors qu\u2019il jouait avec le fusil de chasse de leur p\u00e8re qui le d\u00e9tenait de fa\u00e7on ill\u00e9gale. Une enqu\u00eate a \u00e9t\u00e9 ouverte, l\u2019arme saisie et le p\u00e8re maintenu en \u00e9tat d\u2019arrestation. [&hellip;]<\/p>\n","protected":false},"author":1789,"featured_media":44941,"comment_status":"closed","ping_status":"closed","sticky":false,"template":"","format":"standard","meta":{"fifu_image_url":"","fifu_image_alt":"","footnotes":""},"categories":[73,55],"tags":[],"class_list":["post-44940","post","type-post","status-publish","format-standard","has-post-thumbnail","hentry","category-actualite","category-tunisie"],"_links":{"self":[{"href":"https:\/\/linitiative.ca\/International\/wp-json\/wp\/v2\/posts\/44940","targetHints":{"allow":["GET"]}}],"collection":[{"href":"https:\/\/linitiative.ca\/International\/wp-json\/wp\/v2\/posts"}],"about":[{"href":"https:\/\/linitiative.ca\/International\/wp-json\/wp\/v2\/types\/post"}],"author":[{"embeddable":true,"href":"https:\/\/linitiative.ca\/International\/wp-json\/wp\/v2\/users\/1789"}],"replies":[{"embeddable":true,"href":"https:\/\/linitiative.ca\/International\/wp-json\/wp\/v2\/comments?post=44940"}],"version-history":[{"count":0,"href":"https:\/\/linitiative.ca\/International\/wp-json\/wp\/v2\/posts\/44940\/revisions"}],"wp:featuredmedia":[{"embeddable":true,"href":"https:\/\/linitiative.ca\/International\/wp-json\/"}],"wp:attachment":[{"href":"https:\/\/linitiative.ca\/International\/wp-json\/wp\/v2\/media?parent=44940"}],"wp:term":[{"taxonomy":"category","embeddable":true,"href":"https:\/\/linitiative.ca\/International\/wp-json\/wp\/v2\/categories?post=44940"},{"taxonomy":"post_tag","embeddable":true,"href":"https:\/\/linitiative.ca\/International\/wp-json\/wp\/v2\/tags?post=44940"}],"curies":[{"name":"wp","href":"https:\/\/api.w.org\/{rel}","templated":true}]}}