{"id":44942,"date":"2019-07-07T14:42:10","date_gmt":"2019-07-07T18:42:10","guid":{"rendered":"https:\/\/linitiative.ca\/International\/tunisie-bizerte-arrestation-dun-individu-qui-exploitait-illegalement-la-plage-de-sidi-salem\/"},"modified":"2019-07-07T14:42:10","modified_gmt":"2019-07-07T18:42:10","slug":"tunisie-bizerte-arrestation-dun-individu-qui-exploitait-illegalement-la-plage-de-sidi-salem","status":"publish","type":"post","link":"https:\/\/linitiative.ca\/International\/tunisie-bizerte-arrestation-dun-individu-qui-exploitait-illegalement-la-plage-de-sidi-salem\/","title":{"rendered":"Tunisie \u2013 Bizerte\u00a0: Arrestation d\u2019un individu qui exploitait ill\u00e9galement la plage de Sidi Salem"},"content":{"rendered":"<div class=\"post-cont-in left relative\">\n<div class=\"swp_social_panel swp_horizontal_panel swp_flat_fresh swp_default_full_color swp_individual_full_color swp_other_full_color scale-100 scale-\" data-min-width=\"1100\" data-float-color=\"#ffffff\" data-float=\"none\" data-float-mobile=\"none\" data-transition=\"slide\">\n<div class=\"nc_tweetContainer swp_share_button total_shares total_sharesalt\"><span class=\"swp_count\">60 <span class=\"swp_label\">Partages<\/span><\/span><\/div>\n<\/div>\n<p>Les agents des forces de l\u2019ordre ont saisi et enlev\u00e9 des parasols et une baraque, install\u00e9s par un individu qui s\u2019est improvis\u00e9 plagiste de fa\u00e7on ill\u00e9gale, sans obtention d\u2019autorisation, au niveau de la plage de Sidi Salem, au centre ville de Bizerte.<\/p>\n<p>L\u2019individu en question a \u00e9t\u00e9 arr\u00eat\u00e9, sur ordre du parquet, pour escroquerie.<\/p>\n<div class=\"code-block code-block-1 c3\"><ins class=\"adsbygoogle c2\" data-ad-layout=\"in-article\" data-ad-format=\"fluid\" data-ad-client=\"ca-pub-2102118777505746\" data-ad-slot=\"7301775417\"\/> <\/div>\n<div class=\"mvp-org-wrap mvp-org-logo\" itemprop=\"publisher\" itemscope=\"\" itemtype=\"https:\/\/schema.org\/Organization\"><img decoding=\"async\" src=\"https:\/\/www.tunisienumerique.com\/wp-content\/uploads\/2017\/02\/logo_tunisie_numerique.png\"\/><\/div>\n<div class=\"swp_social_panel swp_horizontal_panel swp_flat_fresh swp_default_full_color swp_individual_full_color swp_other_full_color scale-100 scale-\" data-min-width=\"1100\" data-float-color=\"#ffffff\" data-float=\"none\" data-float-mobile=\"none\" data-transition=\"slide\">\n<div class=\"nc_tweetContainer swp_share_button total_shares total_sharesalt\"><span class=\"swp_count\">60 <span class=\"swp_label\">Partages<\/span><\/span><\/div>\n<\/div>\n<div class=\"mvp-related-posts left relative\">\n<h4 class=\"post-header\"><span class=\"post-header\">Lire aussi<\/span><\/h4>\n<\/div>\n<\/div>\n<p>Auteur: LM<br \/>\n<a href=\"https:\/\/www.tunisienumerique.com\/tunisie-bizerte-arrestation-dun-individu-qui-exploitait-illegalement-la-plage-de-sidi-salem\/\">Cliquez ici pour lire l&rsquo;article depuis sa source.<\/a><\/p>\n","protected":false},"excerpt":{"rendered":"<p>60 Partages Les agents des forces de l\u2019ordre ont saisi et enlev\u00e9 des parasols et une baraque, install\u00e9s par un individu qui s\u2019est improvis\u00e9 plagiste de fa\u00e7on ill\u00e9gale, sans obtention d\u2019autorisation, au niveau de la plage de Sidi Salem, au centre ville de Bizerte. L\u2019individu en question a \u00e9t\u00e9 arr\u00eat\u00e9, sur ordre du parquet, pour [&hellip;]<\/p>\n","protected":false},"author":1789,"featured_media":44943,"comment_status":"closed","ping_status":"closed","sticky":false,"template":"","format":"standard","meta":{"fifu_image_url":"","fifu_image_alt":"","footnotes":""},"categories":[73,55],"tags":[],"class_list":["post-44942","post","type-post","status-publish","format-standard","has-post-thumbnail","hentry","category-actualite","category-tunisie"],"_links":{"self":[{"href":"https:\/\/linitiative.ca\/International\/wp-json\/wp\/v2\/posts\/44942","targetHints":{"allow":["GET"]}}],"collection":[{"href":"https:\/\/linitiative.ca\/International\/wp-json\/wp\/v2\/posts"}],"about":[{"href":"https:\/\/linitiative.ca\/International\/wp-json\/wp\/v2\/types\/post"}],"author":[{"embeddable":true,"href":"https:\/\/linitiative.ca\/International\/wp-json\/wp\/v2\/users\/1789"}],"replies":[{"embeddable":true,"href":"https:\/\/linitiative.ca\/International\/wp-json\/wp\/v2\/comments?post=44942"}],"version-history":[{"count":0,"href":"https:\/\/linitiative.ca\/International\/wp-json\/wp\/v2\/posts\/44942\/revisions"}],"wp:featuredmedia":[{"embeddable":true,"href":"https:\/\/linitiative.ca\/International\/wp-json\/"}],"wp:attachment":[{"href":"https:\/\/linitiative.ca\/International\/wp-json\/wp\/v2\/media?parent=44942"}],"wp:term":[{"taxonomy":"category","embeddable":true,"href":"https:\/\/linitiative.ca\/International\/wp-json\/wp\/v2\/categories?post=44942"},{"taxonomy":"post_tag","embeddable":true,"href":"https:\/\/linitiative.ca\/International\/wp-json\/wp\/v2\/tags?post=44942"}],"curies":[{"name":"wp","href":"https:\/\/api.w.org\/{rel}","templated":true}]}}