{"id":44944,"date":"2019-07-07T14:53:34","date_gmt":"2019-07-07T18:53:34","guid":{"rendered":"https:\/\/linitiative.ca\/International\/tunisie-mahdia-il-ecrase-sa-soeur-avec-sa-voiture\/"},"modified":"2019-07-07T14:53:34","modified_gmt":"2019-07-07T18:53:34","slug":"tunisie-mahdia-il-ecrase-sa-soeur-avec-sa-voiture","status":"publish","type":"post","link":"https:\/\/linitiative.ca\/International\/tunisie-mahdia-il-ecrase-sa-soeur-avec-sa-voiture\/","title":{"rendered":"Tunisie \u2013 Mahdia\u00a0: Il \u00e9crase sa s\u0153ur avec sa voiture"},"content":{"rendered":"<div class=\"post-cont-in left relative\">\n<div class=\"swp_social_panel swp_horizontal_panel swp_flat_fresh swp_default_full_color swp_individual_full_color swp_other_full_color scale-100 scale-\" data-min-width=\"1100\" data-float-color=\"#ffffff\" data-float=\"none\" data-float-mobile=\"none\" data-transition=\"slide\">\n<div class=\"nc_tweetContainer swp_share_button total_shares total_sharesalt\"><span class=\"swp_count\">71 <span class=\"swp_label\">Partages<\/span><\/span><\/div>\n<\/div>\n<p>Un individu originaire de la localit\u00e9 d\u2019El Hka\u00efma, de la d\u00e9l\u00e9gation de Boumerdes \u00e0 Mahdia, a tu\u00e9 sa propre s\u0153ur en l\u2019\u00e9crasant volontairement, avec sa voiture. Et ce, pour des diff\u00e9rends familiaux.<\/p>\n<p>L\u2019individu en question souffrirait, selon ses proches de troubles psychiatriques.<\/p>\n<div class=\"code-block code-block-1 c3\"><ins class=\"adsbygoogle c2\" data-ad-layout=\"in-article\" data-ad-format=\"fluid\" data-ad-client=\"ca-pub-2102118777505746\" data-ad-slot=\"7301775417\"\/> <\/div>\n<div class=\"mvp-org-wrap mvp-org-logo\" itemprop=\"publisher\" itemscope=\"\" itemtype=\"https:\/\/schema.org\/Organization\"><img decoding=\"async\" src=\"https:\/\/www.tunisienumerique.com\/wp-content\/uploads\/2017\/02\/logo_tunisie_numerique.png\"\/><\/div>\n<div class=\"swp_social_panel swp_horizontal_panel swp_flat_fresh swp_default_full_color swp_individual_full_color swp_other_full_color scale-100 scale-\" data-min-width=\"1100\" data-float-color=\"#ffffff\" data-float=\"none\" data-float-mobile=\"none\" data-transition=\"slide\">\n<div class=\"nc_tweetContainer swp_share_button total_shares total_sharesalt\"><span class=\"swp_count\">71 <span class=\"swp_label\">Partages<\/span><\/span><\/div>\n<\/div>\n<div class=\"mvp-related-posts left relative\">\n<h4 class=\"post-header\"><span class=\"post-header\">Lire aussi<\/span><\/h4>\n<\/div>\n<\/div>\n<p>Auteur: LM<br \/>\n<a href=\"https:\/\/www.tunisienumerique.com\/tunisie-mahdia-il-ecrase-sa-soeur-avec-sa-voiture\/\">Cliquez ici pour lire l&rsquo;article depuis sa source.<\/a><\/p>\n","protected":false},"excerpt":{"rendered":"<p>71 Partages Un individu originaire de la localit\u00e9 d\u2019El Hka\u00efma, de la d\u00e9l\u00e9gation de Boumerdes \u00e0 Mahdia, a tu\u00e9 sa propre s\u0153ur en l\u2019\u00e9crasant volontairement, avec sa voiture. Et ce, pour des diff\u00e9rends familiaux. L\u2019individu en question souffrirait, selon ses proches de troubles psychiatriques. 71 Partages Lire aussi Auteur: LM Cliquez ici pour lire l&rsquo;article [&hellip;]<\/p>\n","protected":false},"author":1789,"featured_media":44945,"comment_status":"closed","ping_status":"closed","sticky":false,"template":"","format":"standard","meta":{"fifu_image_url":"","fifu_image_alt":"","footnotes":""},"categories":[73,55],"tags":[],"class_list":["post-44944","post","type-post","status-publish","format-standard","has-post-thumbnail","hentry","category-actualite","category-tunisie"],"_links":{"self":[{"href":"https:\/\/linitiative.ca\/International\/wp-json\/wp\/v2\/posts\/44944","targetHints":{"allow":["GET"]}}],"collection":[{"href":"https:\/\/linitiative.ca\/International\/wp-json\/wp\/v2\/posts"}],"about":[{"href":"https:\/\/linitiative.ca\/International\/wp-json\/wp\/v2\/types\/post"}],"author":[{"embeddable":true,"href":"https:\/\/linitiative.ca\/International\/wp-json\/wp\/v2\/users\/1789"}],"replies":[{"embeddable":true,"href":"https:\/\/linitiative.ca\/International\/wp-json\/wp\/v2\/comments?post=44944"}],"version-history":[{"count":0,"href":"https:\/\/linitiative.ca\/International\/wp-json\/wp\/v2\/posts\/44944\/revisions"}],"wp:featuredmedia":[{"embeddable":true,"href":"https:\/\/linitiative.ca\/International\/wp-json\/"}],"wp:attachment":[{"href":"https:\/\/linitiative.ca\/International\/wp-json\/wp\/v2\/media?parent=44944"}],"wp:term":[{"taxonomy":"category","embeddable":true,"href":"https:\/\/linitiative.ca\/International\/wp-json\/wp\/v2\/categories?post=44944"},{"taxonomy":"post_tag","embeddable":true,"href":"https:\/\/linitiative.ca\/International\/wp-json\/wp\/v2\/tags?post=44944"}],"curies":[{"name":"wp","href":"https:\/\/api.w.org\/{rel}","templated":true}]}}