{"id":44946,"date":"2019-07-07T15:11:10","date_gmt":"2019-07-07T19:11:10","guid":{"rendered":"https:\/\/linitiative.ca\/International\/tunisie-bouhajla-reprise-de-la-distribution-de-leau-potable-a-partir-de-demain\/"},"modified":"2019-07-07T15:11:10","modified_gmt":"2019-07-07T19:11:10","slug":"tunisie-bouhajla-reprise-de-la-distribution-de-leau-potable-a-partir-de-demain","status":"publish","type":"post","link":"https:\/\/linitiative.ca\/International\/tunisie-bouhajla-reprise-de-la-distribution-de-leau-potable-a-partir-de-demain\/","title":{"rendered":"Tunisie \u2013 Bouhajla\u00a0: Reprise de la distribution de l\u2019eau potable \u00e0 partir de demain"},"content":{"rendered":"<div class=\"post-cont-in left relative\">\n<div class=\"swp_social_panel swp_horizontal_panel swp_flat_fresh swp_default_full_color swp_individual_full_color swp_other_full_color scale-100 scale-\" data-min-width=\"1100\" data-float-color=\"#ffffff\" data-float=\"none\" data-float-mobile=\"none\" data-transition=\"slide\">\n<div class=\"nc_tweetContainer swp_share_button total_shares total_sharesalt\"><span class=\"swp_count\">9 <span class=\"swp_label\">Partages<\/span><\/span><\/div>\n<\/div>\n<p>La SONEDE a annonc\u00e9 que, suite \u00e0 une panne, dans la station de pompage principale qui dessert la localit\u00e9 de Bouhajla, du gouvernorat de Kairouan, il y a eu une coupure d\u2019eau sur plusieurs quartiers de la ville.<\/p>\n<p>La SONEDE a ajout\u00e9 que ses \u00e9quipes techniques sont en train d\u2019\u0153uvrer pour r\u00e9parer cette station, en vue de reprendre la distribution de l\u2019eau potable, \u00e0 partir de demain, lundi.<\/p>\n<div class=\"code-block code-block-1 c3\"><ins class=\"adsbygoogle c2\" data-ad-layout=\"in-article\" data-ad-format=\"fluid\" data-ad-client=\"ca-pub-2102118777505746\" data-ad-slot=\"7301775417\"\/> <\/div>\n<div class=\"mvp-org-wrap mvp-org-logo\" itemprop=\"publisher\" itemscope=\"\" itemtype=\"https:\/\/schema.org\/Organization\"><img decoding=\"async\" src=\"https:\/\/www.tunisienumerique.com\/wp-content\/uploads\/2017\/02\/logo_tunisie_numerique.png\"\/><\/div>\n<div class=\"swp_social_panel swp_horizontal_panel swp_flat_fresh swp_default_full_color swp_individual_full_color swp_other_full_color scale-100 scale-\" data-min-width=\"1100\" data-float-color=\"#ffffff\" data-float=\"none\" data-float-mobile=\"none\" data-transition=\"slide\">\n<div class=\"nc_tweetContainer swp_share_button total_shares total_sharesalt\"><span class=\"swp_count\">9 <span class=\"swp_label\">Partages<\/span><\/span><\/div>\n<\/div>\n<div class=\"mvp-related-posts left relative\">\n<h4 class=\"post-header\"><span class=\"post-header\">Lire aussi<\/span><\/h4>\n<\/div>\n<\/div>\n<p>Auteur: LM<br \/>\n<a href=\"https:\/\/www.tunisienumerique.com\/tunisie-bouhajla-reprise-de-la-distribution-de-leau-potable-a-partir-de-demain\/\">Cliquez ici pour lire l&rsquo;article depuis sa source.<\/a><\/p>\n","protected":false},"excerpt":{"rendered":"<p>9 Partages La SONEDE a annonc\u00e9 que, suite \u00e0 une panne, dans la station de pompage principale qui dessert la localit\u00e9 de Bouhajla, du gouvernorat de Kairouan, il y a eu une coupure d\u2019eau sur plusieurs quartiers de la ville. La SONEDE a ajout\u00e9 que ses \u00e9quipes techniques sont en train d\u2019\u0153uvrer pour r\u00e9parer cette [&hellip;]<\/p>\n","protected":false},"author":1789,"featured_media":44947,"comment_status":"closed","ping_status":"closed","sticky":false,"template":"","format":"standard","meta":{"fifu_image_url":"","fifu_image_alt":"","footnotes":""},"categories":[73,55],"tags":[],"class_list":["post-44946","post","type-post","status-publish","format-standard","has-post-thumbnail","hentry","category-actualite","category-tunisie"],"_links":{"self":[{"href":"https:\/\/linitiative.ca\/International\/wp-json\/wp\/v2\/posts\/44946","targetHints":{"allow":["GET"]}}],"collection":[{"href":"https:\/\/linitiative.ca\/International\/wp-json\/wp\/v2\/posts"}],"about":[{"href":"https:\/\/linitiative.ca\/International\/wp-json\/wp\/v2\/types\/post"}],"author":[{"embeddable":true,"href":"https:\/\/linitiative.ca\/International\/wp-json\/wp\/v2\/users\/1789"}],"replies":[{"embeddable":true,"href":"https:\/\/linitiative.ca\/International\/wp-json\/wp\/v2\/comments?post=44946"}],"version-history":[{"count":0,"href":"https:\/\/linitiative.ca\/International\/wp-json\/wp\/v2\/posts\/44946\/revisions"}],"wp:featuredmedia":[{"embeddable":true,"href":"https:\/\/linitiative.ca\/International\/wp-json\/"}],"wp:attachment":[{"href":"https:\/\/linitiative.ca\/International\/wp-json\/wp\/v2\/media?parent=44946"}],"wp:term":[{"taxonomy":"category","embeddable":true,"href":"https:\/\/linitiative.ca\/International\/wp-json\/wp\/v2\/categories?post=44946"},{"taxonomy":"post_tag","embeddable":true,"href":"https:\/\/linitiative.ca\/International\/wp-json\/wp\/v2\/tags?post=44946"}],"curies":[{"name":"wp","href":"https:\/\/api.w.org\/{rel}","templated":true}]}}