{"id":44954,"date":"2019-07-07T07:45:59","date_gmt":"2019-07-07T11:45:59","guid":{"rendered":"https:\/\/linitiative.ca\/International\/unesco-le-burkina-inscrit-des-sites-de-metallurgie-anciens\/"},"modified":"2019-07-07T07:45:59","modified_gmt":"2019-07-07T11:45:59","slug":"unesco-le-burkina-inscrit-des-sites-de-metallurgie-anciens","status":"publish","type":"post","link":"https:\/\/linitiative.ca\/International\/unesco-le-burkina-inscrit-des-sites-de-metallurgie-anciens\/","title":{"rendered":"Unesco: Le Burkina inscrit des sites de m\u00e9tallurgie anciens"},"content":{"rendered":"<p><strong>Le Burkina Faso a obtenu, le vendredi 5 juillet 2019 \u00e0 Bakou (Azerba\u00efdjan), l\u2019inscription de cinq de ses sites de m\u00e9tallurgie ancienne de fer au patrimoine mondial. C\u2019\u00e9tait\u00a0 au cours de la 43<sup>e<\/sup>\u00a0 session du Comit\u00e9 du patrimoine mondial de l\u2019Organisation des Nations unies pour l\u2019\u00e9ducation, la science et la culture (Unesco).<\/strong><\/p>\n<div class=\"td-a-rec td-a-rec-id-content_bottom td_uid_30_5d2267a3baf8a_rand td_block_template_1\"><img loading=\"lazy\" decoding=\"async\" class=\"aligncenter size-full wp-image-9623\" src=\"https:\/\/www.sidwaya.info\/wp-content\/uploads\/2019\/06\/Projet-bannie%CC%80re-Orange-mobile.jpg\" alt=\"\" width=\"728\" height=\"81\"\/><\/div>\n<p>Auteur: BS. Sidwaya<br \/>\n<a href=\"https:\/\/www.sidwaya.info\/blog\/2019\/07\/07\/unesco-le-burkina-inscrit-des-sites-de-metallurgie-anciens\/\">Cliquez ici pour lire l&rsquo;article depuis sa source.<\/a><\/p>\n","protected":false},"excerpt":{"rendered":"<p>Le Burkina Faso a obtenu, le vendredi 5 juillet 2019 \u00e0 Bakou (Azerba\u00efdjan), l\u2019inscription de cinq de ses sites de m\u00e9tallurgie ancienne de fer au patrimoine mondial. C\u2019\u00e9tait\u00a0 au cours de la 43e\u00a0 session du Comit\u00e9 du patrimoine mondial de l\u2019Organisation des Nations unies pour l\u2019\u00e9ducation, la science et la culture (Unesco). Auteur: BS. Sidwaya [&hellip;]<\/p>\n","protected":false},"author":1816,"featured_media":44955,"comment_status":"closed","ping_status":"closed","sticky":false,"template":"","format":"standard","meta":{"fifu_image_url":"","fifu_image_alt":"","footnotes":""},"categories":[73,81],"tags":[],"class_list":["post-44954","post","type-post","status-publish","format-standard","has-post-thumbnail","hentry","category-actualite","category-burkina-faso"],"_links":{"self":[{"href":"https:\/\/linitiative.ca\/International\/wp-json\/wp\/v2\/posts\/44954","targetHints":{"allow":["GET"]}}],"collection":[{"href":"https:\/\/linitiative.ca\/International\/wp-json\/wp\/v2\/posts"}],"about":[{"href":"https:\/\/linitiative.ca\/International\/wp-json\/wp\/v2\/types\/post"}],"author":[{"embeddable":true,"href":"https:\/\/linitiative.ca\/International\/wp-json\/wp\/v2\/users\/1816"}],"replies":[{"embeddable":true,"href":"https:\/\/linitiative.ca\/International\/wp-json\/wp\/v2\/comments?post=44954"}],"version-history":[{"count":0,"href":"https:\/\/linitiative.ca\/International\/wp-json\/wp\/v2\/posts\/44954\/revisions"}],"wp:featuredmedia":[{"embeddable":true,"href":"https:\/\/linitiative.ca\/International\/wp-json\/"}],"wp:attachment":[{"href":"https:\/\/linitiative.ca\/International\/wp-json\/wp\/v2\/media?parent=44954"}],"wp:term":[{"taxonomy":"category","embeddable":true,"href":"https:\/\/linitiative.ca\/International\/wp-json\/wp\/v2\/categories?post=44954"},{"taxonomy":"post_tag","embeddable":true,"href":"https:\/\/linitiative.ca\/International\/wp-json\/wp\/v2\/tags?post=44954"}],"curies":[{"name":"wp","href":"https:\/\/api.w.org\/{rel}","templated":true}]}}