{"id":44956,"date":"2019-07-07T09:50:03","date_gmt":"2019-07-07T13:50:03","guid":{"rendered":"https:\/\/linitiative.ca\/International\/can-2019-mohamed-salah-un-tournoi-en-enfer\/"},"modified":"2019-07-07T09:50:03","modified_gmt":"2019-07-07T13:50:03","slug":"can-2019-mohamed-salah-un-tournoi-en-enfer","status":"publish","type":"post","link":"https:\/\/linitiative.ca\/International\/can-2019-mohamed-salah-un-tournoi-en-enfer\/","title":{"rendered":"CAN-2019: Mohamed Salah, un tournoi en enfer"},"content":{"rendered":"<div readability=\"32\">\n<p>Publi\u00e9 le 07.07.2019 \u00e0 14h50 par AFP<\/p>\n<\/div>\n<div readability=\"131\">\n<p>Le Caire, nid de complications: humili\u00e9 avec l\u2019Egypte devant son public d\u00e8s les 8es de finale de la CAN, \u00e9clabouss\u00e9 par le scandale Amr Warda, le Pharaon Mohamed Salah rentre \u00e0 Liverpool esquint\u00e9.<\/p>\n<p>A le voir frapper le ballon de rage apr\u00e8s qu\u2019une faute a \u00e9t\u00e9 siffl\u00e9e contre lui, se plaindre et rater ses dribbles, les 75.000 fans du Stade international n\u2019ont pas d\u00fb reconna\u00eetre leur star, celle qui c\u00e9l\u00e8bre ses buts avec une pose de yoga.<\/p>\n<p>Pas zen du tout, Salah a v\u00e9cu impuissant le naufrage de sa s\u00e9lection face \u00e0 l\u2019Afrique du Sud (1-0) samedi, un \u00e9chec monumental pour le pays h\u00f4te et pour lui-m\u00eame.<\/p>\n<p>Dans la nuit, le pr\u00e9sident de la F\u00e9d\u00e9ration nationale de foot Hani Abou Rida a remis sa d\u00e9mission et limog\u00e9 tout le staff technique, \u00e0 commencer par le coach mexicain Javier Aguirre, en premi\u00e8re ligne des critiques dans la presse.<\/p>\n<p>Mais en Egypte, o\u00f9 son visage s\u2019affiche presque partout, l\u2019aura de la superstar des Reds n\u2019est jamais loin, et ce revers laissera une cicatrice sur son h\u00e9ritage, d\u00e9j\u00e0 troubl\u00e9 par un Mondial 2018 rat\u00e9.<\/p>\n<p>Pour le site de la cha\u00eene Sada el-Balad, \u00ab\u00a0Mohamed Salah a \u00e9t\u00e9 hors contr\u00f4le\u00a0\u00bb, passant \u00ab\u00a0dix jours de cong\u00e9s en camp d\u2019entra\u00eenement sans se rendre compte qu\u2019il \u00e9tait en mission nationale\u00a0\u00bb.<\/p>\n<p>S\u2019il \u00e9tait arriv\u00e9 en Russie diminu\u00e9, apr\u00e8s s\u2019\u00eatre bless\u00e9 \u00e0 une \u00e9paule, le joueur de 27 ans a attaqu\u00e9 la CAN dans la lanc\u00e9e d\u2019une saison pleine, couronn\u00e9e par son sacre en Ligue des champions et le Soulier d\u2019or de meilleur buteur de Premier League. De quoi faire de lui un candidat tr\u00e8s s\u00e9rieux au Ballon d\u2019Or.<\/p>\n<p>-\u00ab\u00a0Equipe de harceleurs\u00a0\u00bb-<\/p>\n<p>Mais, efficace durant la phase de poules (2 buts), il s\u2019est montr\u00e9 incapable de porter avec lui ses co\u00e9quipiers, dont le faible niveau et le manque de combativit\u00e9 ont nourri les reproches des observateurs et des fans. Face aux Bafana Bafana, il a montr\u00e9 plus de nervosit\u00e9 que de danger pour l\u2019adversaire.<\/p>\n<p>\u00ab\u00a0Je ne vais pas condamner Salah. Il a jou\u00e9 au plus niveau durant toute la saison pendant plus de 60 matches. Il a eu de bonnes actions avec Trezeguet, mais tout le poids de l\u2019attaque reposait sur eux\u00a0\u00bb, a r\u00e9agi Wael Gomaa, ancien international devenu consultant pour BeIN.<\/p>\n<p>\u00ab\u00a0C\u2019est la pire g\u00e9n\u00e9ration que j\u2019ai vue en s\u00e9lection d\u2019Egypte, \u00e0 part pour quelques joueurs. On n\u2019a rien fait pour gagner ce troph\u00e9e, pas de performance, pas d\u2019\u00e9tat d\u2019esprit\u00a0\u00bb, a comment\u00e9 le journaliste Amir Abdel Halim sur Twitter.<\/p>\n<p>Son seul exploit aura \u00e9t\u00e9 de brouiller son image jusqu\u2019ici tr\u00e8s consensuelle, m\u00eame en Egypte qui n\u2019a d\u2019yeux que pour lui, en s\u2019exprimant dans le scandale autour de son co\u00e9quipier Amr Warda, un temps exclu par la F\u00e9d\u00e9ration apr\u00e8s des accusations de harc\u00e8lement sexuel, puis r\u00e9int\u00e9gr\u00e9 sous la pression des joueurs.<\/p>\n<p>La star, qui appelait \u00e0 mieux traiter les femmes dans une interview \u00e0 Time Magazine, a divis\u00e9 le pays en prenant position en faveur du jeune homme, dont le comportement a \u00e9t\u00e9 d\u00e9nonc\u00e9 par plusieurs victimes. Sur Twitter, il avait appel\u00e9 \u00e0 \u00ab\u00a0croire aux secondes chances\u00a0\u00bb et estim\u00e9 que \u00ab\u00a0bannir n\u2019est pas la r\u00e9ponse\u00a0\u00bb.<\/p>\n<p>De nombreux internautes l\u2019ont accus\u00e9 d\u2019avoir un \u00ab\u00a0double standard\u00a0\u00bb. Apr\u00e8s la d\u00e9faite, d\u2019autres se sont r\u00e9jouis de l\u2019\u00e9chec de cette \u00ab\u00a0\u00e9quipe de harceleurs\u00a0\u00bb.<\/p>\n<p>Les supporters \u00e9gyptiens se consoleront en encourageant le S\u00e9n\u00e9galais Sadio Man\u00e9, partenaire de Salah \u00e0 Liverpool. Pour ce dernier, les vacances arrivent \u00e0 point nomm\u00e9.<\/p>\n<\/div>\n<p>Auteur: AFP<br \/>\n<a href=\"https:\/\/www.journalducameroun.com\/can-2019-mohamed-salah-un-tournoi-en-enfer\/\">Cliquez ici pour lire l&rsquo;article depuis sa source.<\/a><\/p>\n","protected":false},"excerpt":{"rendered":"<p>Publi\u00e9 le 07.07.2019 \u00e0 14h50 par AFP Le Caire, nid de complications: humili\u00e9 avec l\u2019Egypte devant son public d\u00e8s les 8es de finale de la CAN, \u00e9clabouss\u00e9 par le scandale Amr Warda, le Pharaon Mohamed Salah rentre \u00e0 Liverpool esquint\u00e9. A le voir frapper le ballon de rage apr\u00e8s qu\u2019une faute a \u00e9t\u00e9 siffl\u00e9e contre [&hellip;]<\/p>\n","protected":false},"author":1965,"featured_media":0,"comment_status":"closed","ping_status":"closed","sticky":false,"template":"","format":"standard","meta":{"fifu_image_url":"","fifu_image_alt":"","footnotes":""},"categories":[73,82],"tags":[],"class_list":["post-44956","post","type-post","status-publish","format-standard","hentry","category-actualite","category-cameroun"],"_links":{"self":[{"href":"https:\/\/linitiative.ca\/International\/wp-json\/wp\/v2\/posts\/44956","targetHints":{"allow":["GET"]}}],"collection":[{"href":"https:\/\/linitiative.ca\/International\/wp-json\/wp\/v2\/posts"}],"about":[{"href":"https:\/\/linitiative.ca\/International\/wp-json\/wp\/v2\/types\/post"}],"author":[{"embeddable":true,"href":"https:\/\/linitiative.ca\/International\/wp-json\/wp\/v2\/users\/1965"}],"replies":[{"embeddable":true,"href":"https:\/\/linitiative.ca\/International\/wp-json\/wp\/v2\/comments?post=44956"}],"version-history":[{"count":0,"href":"https:\/\/linitiative.ca\/International\/wp-json\/wp\/v2\/posts\/44956\/revisions"}],"wp:attachment":[{"href":"https:\/\/linitiative.ca\/International\/wp-json\/wp\/v2\/media?parent=44956"}],"wp:term":[{"taxonomy":"category","embeddable":true,"href":"https:\/\/linitiative.ca\/International\/wp-json\/wp\/v2\/categories?post=44956"},{"taxonomy":"post_tag","embeddable":true,"href":"https:\/\/linitiative.ca\/International\/wp-json\/wp\/v2\/tags?post=44956"}],"curies":[{"name":"wp","href":"https:\/\/api.w.org\/{rel}","templated":true}]}}