{"id":44957,"date":"2019-07-07T10:18:03","date_gmt":"2019-07-07T14:18:03","guid":{"rendered":"https:\/\/linitiative.ca\/International\/niger-lua-procede-au-lancement-de-la-phase-operationnelle-de-la-zleca\/"},"modified":"2019-07-07T10:18:03","modified_gmt":"2019-07-07T14:18:03","slug":"niger-lua-procede-au-lancement-de-la-phase-operationnelle-de-la-zleca","status":"publish","type":"post","link":"https:\/\/linitiative.ca\/International\/niger-lua-procede-au-lancement-de-la-phase-operationnelle-de-la-zleca\/","title":{"rendered":"Niger : l\u2019UA proc\u00e8de au lancement de la phase op\u00e9rationnelle de la ZLECA"},"content":{"rendered":"<div readability=\"32\">\n<p>Publi\u00e9 le 07.07.2019 \u00e0 15h18 par APA News<\/p>\n<\/div>\n<div readability=\"115\">\n<p>Le Palais des Congr\u00e8s de Niamey a servi de cadre, ce dimanche 7 juillet 2019, \u00e0 la c\u00e9r\u00e9monie d\u2019ouverture du 12\u00e8me sommet extraordinaire de l\u2019Union Africaine consacr\u00e9 au lancement de la phase op\u00e9rationnelle de la Zone de libre-\u00e9change continentale africaine (ZLECA).Cette c\u00e9r\u00e9monie pr\u00e9sid\u00e9e par le Chef de l\u2019Etat \u00e9gyptien, Abdel Fattah al-Sissi, pr\u00e9sident de la conf\u00e9rence des pr\u00e9sidents de l\u2019UA s\u2019est d\u00e9roul\u00e9e en pr\u00e9sence d\u2019une trentaine de Chefs d\u2019\u00c9tats africains, dont le Nig\u00e9rien Issoufou Mahamadou, l\u2019h\u00f4te du jour.<\/p>\n<p>La c\u00e9r\u00e9monie a d\u00e9but\u00e9 avec la signature des actes du Nigeria et du B\u00e9nin, portant ainsi le nombre de signature de la ZLECA de 52 \u00e0 54 pour 25 ratifications.<\/p>\n<p>Ainsi, apr\u00e8s le discours de lancement du pr\u00e9sident de la Conf\u00e9rence des pr\u00e9sidents d\u2019Abdel Fattah al-Sissi, le pr\u00e9sident Issoufou Mahamadou a pris la parole pour faire l\u2019historique de la ZLECA, adopt\u00e9e et ouverte \u00e0 la signature le 21 mars 2018 \u00e0 Kigali (Rwanda) et entr\u00e9e en vigueur le 30 mai 2019, apr\u00e8s avoir atteint les 24 signatures requises.<\/p>\n<p>La ZLECA, a pr\u00e9cis\u00e9 le pr\u00e9sident Issoufou, c\u2019est surtout \u00ab une forte contribution pour sortir des 84 000 km de fronti\u00e8res h\u00e9rit\u00e9es de la colonisation \u00bb. Elle permet \u00e9galement de sortir, \u00ab non pas en redessinant les fronti\u00e8res actuelles, mais en en sortant par le haut, par l\u2019int\u00e9gration \u00bb.<\/p>\n<p>En somme, l\u2019on assiste, selon Moussa Faki Mahamat, pr\u00e9sident de la Commission de l\u2019Union Africaine, \u00e0 la cr\u00e9ation du plus grand espace commercial au monde car, \u00ab l\u2019Afrique, avec une population de 1,2 milliard de personnes, devrait atteindre 1,7 milliard d\u2019habitants d\u2019ici \u00e0 2030, soit 26% de la population mondiale en \u00e2ge de travailler et pr\u00e8s de 70% de cette population qui a moins de 30 ans et dont plus de la moiti\u00e9 sont des femmes \u00bb.<\/p>\n<p>Selon M. Faki, la croissante \u00e9conomique africaine devrait \u00eatre deux fois plus rapide que celle du monde d\u00e9velopp\u00e9, l\u2019Afrique \u00e9tant \u00ab le deuxi\u00e8me continent le plus grand et le deuxi\u00e8me le plus peupl\u00e9 du monde \u00bb.<\/p>\n<p>\u00ab La ZLECA, a dit Moussa Faki, plus qu\u2019une simple zone de libre-\u00e9change, c\u2019est l\u2019un des outils par excellence pour la r\u00e9alisation de l\u2019int\u00e9gration en droite ligne des Objectifs du Trait\u00e9 d\u2019Abuja et des aspirations de l\u2019Agenda 2063 de l\u2019UA, notamment celui de faire taire les armes \u00e0 l\u2019horizon 2020 \u00bb.<\/p>\n<p>D\u2019ores et d\u00e9j\u00e0, a annonc\u00e9 le Directeur g\u00e9n\u00e9ral de la Banque africaine d\u2019import-export (Afreximbank), Humphrey Nwugo, son institution financi\u00e8re s\u2019est engag\u00e9e \u00e0 soutenir l\u2019op\u00e9rationnalisation de la ZLECA \u00e0 hauteur de 25 milliards de dollars sur cinq ans, dont huit milliards ont d\u00e9j\u00e0 \u00e9t\u00e9 d\u00e9bloqu\u00e9s \u00e0 cet effet.<\/p>\n<p>Il faut cependant noter que les travaux de l\u2019Union Africaine ont d\u00e9but\u00e9 jeudi dernier \u00e0 Niamey, avec la 35\u00e8me session ordinaire du Conseil ex\u00e9cutif qui regroupe notamment les ministres des Affaires \u00c9trang\u00e8res et qui \u00e9tait pr\u00e9sid\u00e9e par le ministre nig\u00e9rien des Affaires \u00c9trang\u00e8re, Kalla Hankouraou.<\/p>\n<p>Au cours de cette session, il \u00e9tait question des pr\u00e9paratifs de ce 12\u00e8me Sommet extraordinaire de l\u2019Union Africaine d\u00e9di\u00e9 au lancement officiel de la Zone libre-\u00e9change continentale africaine (ZLECA).<\/p>\n<\/div>\n<p>Auteur: APA News<br \/>\n<a href=\"https:\/\/www.journalducameroun.com\/niger-lua-procede-au-lancement-de-la-phase-operationnelle-de-la-zleca\/\">Cliquez ici pour lire l&rsquo;article depuis sa source.<\/a><\/p>\n","protected":false},"excerpt":{"rendered":"<p>Publi\u00e9 le 07.07.2019 \u00e0 15h18 par APA News Le Palais des Congr\u00e8s de Niamey a servi de cadre, ce dimanche 7 juillet 2019, \u00e0 la c\u00e9r\u00e9monie d\u2019ouverture du 12\u00e8me sommet extraordinaire de l\u2019Union Africaine consacr\u00e9 au lancement de la phase op\u00e9rationnelle de la Zone de libre-\u00e9change continentale africaine (ZLECA).Cette c\u00e9r\u00e9monie pr\u00e9sid\u00e9e par le Chef de [&hellip;]<\/p>\n","protected":false},"author":1965,"featured_media":0,"comment_status":"closed","ping_status":"closed","sticky":false,"template":"","format":"standard","meta":{"fifu_image_url":"","fifu_image_alt":"","footnotes":""},"categories":[73,82],"tags":[],"class_list":["post-44957","post","type-post","status-publish","format-standard","hentry","category-actualite","category-cameroun"],"_links":{"self":[{"href":"https:\/\/linitiative.ca\/International\/wp-json\/wp\/v2\/posts\/44957","targetHints":{"allow":["GET"]}}],"collection":[{"href":"https:\/\/linitiative.ca\/International\/wp-json\/wp\/v2\/posts"}],"about":[{"href":"https:\/\/linitiative.ca\/International\/wp-json\/wp\/v2\/types\/post"}],"author":[{"embeddable":true,"href":"https:\/\/linitiative.ca\/International\/wp-json\/wp\/v2\/users\/1965"}],"replies":[{"embeddable":true,"href":"https:\/\/linitiative.ca\/International\/wp-json\/wp\/v2\/comments?post=44957"}],"version-history":[{"count":0,"href":"https:\/\/linitiative.ca\/International\/wp-json\/wp\/v2\/posts\/44957\/revisions"}],"wp:attachment":[{"href":"https:\/\/linitiative.ca\/International\/wp-json\/wp\/v2\/media?parent=44957"}],"wp:term":[{"taxonomy":"category","embeddable":true,"href":"https:\/\/linitiative.ca\/International\/wp-json\/wp\/v2\/categories?post=44957"},{"taxonomy":"post_tag","embeddable":true,"href":"https:\/\/linitiative.ca\/International\/wp-json\/wp\/v2\/tags?post=44957"}],"curies":[{"name":"wp","href":"https:\/\/api.w.org\/{rel}","templated":true}]}}